{"id":59394,"date":"2026-01-24T11:27:41","date_gmt":"2026-01-24T17:27:41","guid":{"rendered":"https:\/\/labestiapolitica.com.mx\/?p=59394"},"modified":"2026-01-24T11:27:41","modified_gmt":"2026-01-24T17:27:41","slug":"matamoros-de-luto-despide-a-tres-bomberos-que-fallecieron-en-incendio","status":"publish","type":"post","link":"https:\/\/labestiapolitica.com.mx\/?p=59394","title":{"rendered":"Matamoros de luto; despide a tres bomberos que fallecieron en incendio"},"content":{"rendered":"<blockquote>\n<p style=\"text-align: justify;\">La comunidad honra la entrega de los h\u00e9roes que dieron su vida protegiendo a otros.<\/p>\n<\/blockquote>\n<p style=\"text-align: justify;\">En un gesto colectivo de gratitud y duelo, cientos de matamorenses se congregaron anoche frente a la Funeraria Lozano para ofrecer su \u00faltimo adi\u00f3s a tres miembros del Heroico Cuerpo de Bomberos de Matamoros, Tamaulipas, cuyas vidas se truncaron en medio de una misi\u00f3n de auxilio.<\/p>\n<p style=\"text-align: justify;\">El Comandante Osvaldo Cedillo, de 51 a\u00f1os, era un pilar de la instituci\u00f3n. Con m\u00e1s de dos d\u00e9cadas de servicio, su experiencia y liderazgo marcaron generaciones. Se encontraba a las puertas de su jubilaci\u00f3n, un merecido descanso que la tragedia no permiti\u00f3 llegar.<\/p>\n<p style=\"text-align: justify;\">Carlos Emanuel Hern\u00e1ndez, de solo 18 a\u00f1os, era el entusiasmo y la vocaci\u00f3n hechos servicio. Reci\u00e9n incorporado como param\u00e9dico, su compromiso por auxiliar a otros en situaciones de riesgo promet\u00eda una carrera llena de prop\u00f3sito. Su labor, aunque breve, fue clave y profundamente valiosa.<\/p>\n<p style=\"text-align: justify;\">\u00c1ngel Acu\u00f1a, de 20 a\u00f1os, representaba la continuidad de un legado familiar de servicio. Hijo del tambi\u00e9n comandante Gustavo Acu\u00f1a, sigui\u00f3 con honor los pasos de su padre dentro del mismo cuerpo, demostrando desde joven un profundo sentido del deber.<\/p>\n<p style=\"text-align: justify;\">El fatal desenlace ocurri\u00f3 mientras atend\u00edan un intenso incendio en el \u00e1rea de almac\u00e9n de la maquiladora Spellman, en Matamoros, Tamaulipas. Ante la magnitud del siniestro, su intervenci\u00f3n fue decisiva.<\/p>\n<p style=\"text-align: justify;\">Las autoridades contin\u00faan con las investigaciones para determinar con precisi\u00f3n las causas de esta p\u00e9rdida irreparable.<\/p>\n","protected":false},"excerpt":{"rendered":"<p>La comunidad honra la entrega de los h\u00e9roes que dieron su vida protegiendo a otros. En un gesto colectivo de gratitud y duelo, cientos de matamorenses se congregaron anoche frente a la Funeraria Lozano para ofrecer su \u00faltimo adi\u00f3s a tres miembros del Heroico Cuerpo de Bomberos de Matamoros, Tamaulipas, cuyas vidas se truncaron en [&hellip;]<\/p>\n","protected":false},"author":3,"featured_media":59396,"comment_status":"open","ping_status":"open","sticky":false,"template":"","format":"standard","meta":{"footnotes":""},"categories":[3,10],"tags":[],"class_list":["post-59394","post","type-post","status-publish","format-standard","has-post-thumbnail","hentry","category-8-columnas","category-nacional-e-internacional"],"amp_enabled":true,"_links":{"self":[{"href":"https:\/\/labestiapolitica.com.mx\/index.php?rest_route=\/wp\/v2\/posts\/59394","targetHints":{"allow":["GET"]}}],"collection":[{"href":"https:\/\/labestiapolitica.com.mx\/index.php?rest_route=\/wp\/v2\/posts"}],"about":[{"href":"https:\/\/labestiapolitica.com.mx\/index.php?rest_route=\/wp\/v2\/types\/post"}],"author":[{"embeddable":true,"href":"https:\/\/labestiapolitica.com.mx\/index.php?rest_route=\/wp\/v2\/users\/3"}],"replies":[{"embeddable":true,"href":"https:\/\/labestiapolitica.com.mx\/index.php?rest_route=%2Fwp%2Fv2%2Fcomments&post=59394"}],"version-history":[{"count":1,"href":"https:\/\/labestiapolitica.com.mx\/index.php?rest_route=\/wp\/v2\/posts\/59394\/revisions"}],"predecessor-version":[{"id":59395,"href":"https:\/\/labestiapolitica.com.mx\/index.php?rest_route=\/wp\/v2\/posts\/59394\/revisions\/59395"}],"wp:featuredmedia":[{"embeddable":true,"href":"https:\/\/labestiapolitica.com.mx\/index.php?rest_route=\/wp\/v2\/media\/59396"}],"wp:attachment":[{"href":"https:\/\/labestiapolitica.com.mx\/index.php?rest_route=%2Fwp%2Fv2%2Fmedia&parent=59394"}],"wp:term":[{"taxonomy":"category","embeddable":true,"href":"https:\/\/labestiapolitica.com.mx\/index.php?rest_route=%2Fwp%2Fv2%2Fcategories&post=59394"},{"taxonomy":"post_tag","embeddable":true,"href":"https:\/\/labestiapolitica.com.mx\/index.php?rest_route=%2Fwp%2Fv2%2Ftags&post=59394"}],"curies":[{"name":"wp","href":"https:\/\/api.w.org\/{rel}","templated":true}]}}