{"id":59400,"date":"2026-01-24T12:07:13","date_gmt":"2026-01-24T18:07:13","guid":{"rendered":"https:\/\/labestiapolitica.com.mx\/?p=59400"},"modified":"2026-01-24T12:07:13","modified_gmt":"2026-01-24T18:07:13","slug":"entregan-en-aquiahuac-edificio-que-albergaria-biblioteca-municipal-de-tetlanohcan","status":"publish","type":"post","link":"https:\/\/labestiapolitica.com.mx\/?p=59400","title":{"rendered":"Entregan en Aquiahuac edificio qu\u00e9 albergar\u00eda biblioteca municipal de Tetlanohcan"},"content":{"rendered":"<ul>\n<li class=\"p1\" style=\"text-align: justify;\">Ante el conflicto que impidi\u00f3 el traslado de la biblioteca, y la puesta en marcha de un proyecto federal en el municipio, ser\u00e1 ahora la comunidad la que definir\u00e1 el uso del espacio<\/li>\n<\/ul>\n<p class=\"p1\" style=\"text-align: justify;\"><span class=\"s1\">Ana S\u00e1nchez \/\/ En un acto que prioriz\u00f3 el beneficio comunitario ante un proyecto municipal cambiado, la presidenta municipal de Tetlanohcan, Kritsbey P\u00e9rez Flores, entreg\u00f3<span class=\"Apple-converted-space\">\u00a0 <\/span>la obra de rehabilitaci\u00f3n del auditorio del barrio de Dolores Aquiahuac al comit\u00e9 comunitario de la localidad.<\/span><\/p>\n<p class=\"p1\" style=\"text-align: justify;\"><span class=\"s1\">El espacio, que originalmente estaba destinado a albergar la Biblioteca Municipal No. 1722, fue readecuado tras modificarse el proyecto inicial \u00abderivado de un conflicto social\u00bb, seg\u00fan explic\u00f3 la alcaldesa, la inversi\u00f3n ejercida para esta primera etapa de rehabilitaci\u00f3n ascendi\u00f3 a 641 mil 678 pesos.<\/span><\/p>\n<p class=\"p1\" style=\"text-align: justify;\"><span class=\"s1\">\u00abEl d\u00eda de hoy entregamos esta gran obra al barrio de Dolores\u00bb, declar\u00f3 P\u00e9rez Flores, quien estuvo acompa\u00f1ada por integrantes del cabildo y su equipo de gobierno, \u00abhacemos entrega con la finalidad de que se haga un buen uso de este espacio en beneficio de la ciudadan\u00eda, y reitero mi compromiso de seguir trabajando por nuestro municipio\u00bb.<\/span><\/p>\n<p class=\"p1\" style=\"text-align: justify;\"><span class=\"s1\">Durante la entrega simb\u00f3lica, estuvieron presentes los representantes del Comit\u00e9 Comunitario: el presidente Miguel Aztatzi Mendoza, la tesorera Flora Avelina Cuatianquiz Zamora y el presidente enfatiz\u00f3 la importancia de la coordinaci\u00f3n responsable y respetuosa entre vecinos y autoridades, \u00abnosotros somos el puente de comunicaci\u00f3n\u00bb, afirm\u00f3, y pidi\u00f3 a la comunidad cuidar colectivamente el nuevo espacio.<\/span><\/p>\n<p class=\"p1\" style=\"text-align: justify;\"><span class=\"s1\">Por su parte, la tesorera Cuatianquiz reconoci\u00f3 el trabajo: \u00abeste auditorio estaba definitivamente olvidado, con esta obra le ha dado un poco de realce, y esperamos continuar trabajando en equipo para que se vea la huella que va a dejar nuestra presidencia\u00bb.<\/span><\/p>\n<p class=\"p1\" style=\"text-align: justify;\"><span class=\"s1\">El director de Obras P\u00fablicas del municipio detall\u00f3 en qu\u00e9 consistieron los trabajos, los cuales forman parte del Plan de Desarrollo Municipal, la intervenci\u00f3n incluy\u00f3:<\/span><\/p>\n<p class=\"p1\"><span class=\"s1\">* Impermeabilizaci\u00f3n total de la losa.<\/span><\/p>\n<p class=\"p1\"><span class=\"s1\">* Rehabilitaci\u00f3n del canal de drenaje pluvial.<\/span><\/p>\n<p class=\"p1\" style=\"text-align: justify;\"><span class=\"s1\">* Colocaci\u00f3n de un nuevo piso en el \u00e1rea principal del auditorio.<\/span><\/p>\n<p class=\"p1\" style=\"text-align: justify;\"><span class=\"s1\">* Instalaci\u00f3n y mejora del sistema el\u00e9ctrico e iluminaci\u00f3n.<\/span><\/p>\n<p class=\"p1\" style=\"text-align: justify;\"><span class=\"s1\">* Trabajos en el exterior, incluyendo parte del barandal.<\/span><\/p>\n<p class=\"p1\" style=\"text-align: justify;\"><span class=\"s1\">El funcionario explic\u00f3 que, por razones t\u00e9cnicas como la necesidad de tender cables de energ\u00eda e internet, no se pudo completar el servicio en toda el \u00e1rea exterior, pero aclar\u00f3 que la estructura de la marquesina fue una obra adicional y que la planta baja del edificio, anexa al proyecto original de biblioteca, a\u00fan espera definici\u00f3n sobre su uso final.<\/span><\/p>\n<p class=\"p1\" style=\"text-align: justify;\"><span class=\"s1\">La presidenta municipal concluy\u00f3 el acto describiendo la obra como \u00abemblem\u00e1tica\u00bb, tras un largo periodo de abandono, y destac\u00f3 la \u00abbuena disposici\u00f3n, voluntad y compromiso\u00bb para seguir trabajando en coordinaci\u00f3n con la comunidad.<\/span><\/p>\n<ul>\n<li class=\"p1\" style=\"text-align: justify;\">En la siguiente nota encontrar\u00e1s los detalles del conflicto en el Barrio de Aquihuac.<\/li>\n<\/ul>\n<blockquote class=\"wp-embedded-content\" data-secret=\"f47zve8LvJ\"><p><a href=\"https:\/\/labestiapolitica.com.mx\/?p=57466\">Gobierno de Tetlanohcan suspende pol\u00e9mico proyecto federal tras presi\u00f3n comunitaria<\/a><\/p><\/blockquote>\n<p><iframe loading=\"lazy\" class=\"wp-embedded-content\" sandbox=\"allow-scripts\" security=\"restricted\" style=\"position: absolute; visibility: hidden;\" title=\"\u00abGobierno de Tetlanohcan suspende pol\u00e9mico proyecto federal tras presi\u00f3n comunitaria\u00bb \u2014 La Bestia Pol&iacute;tica\" src=\"https:\/\/labestiapolitica.com.mx\/?p=57466&#038;embed=true#?secret=AQfJzMdmHv#?secret=f47zve8LvJ\" data-secret=\"f47zve8LvJ\" width=\"600\" height=\"338\" frameborder=\"0\" marginwidth=\"0\" marginheight=\"0\" scrolling=\"no\"><\/iframe><\/p>\n","protected":false},"excerpt":{"rendered":"<p>Ante el conflicto que impidi\u00f3 el traslado de la biblioteca, y la puesta en marcha de un proyecto federal en el municipio, ser\u00e1 ahora la comunidad la que definir\u00e1 el uso del espacio Ana S\u00e1nchez \/\/ En un acto que prioriz\u00f3 el beneficio comunitario ante un proyecto municipal cambiado, la presidenta municipal de Tetlanohcan, Kritsbey [&hellip;]<\/p>\n","protected":false},"author":3,"featured_media":59401,"comment_status":"open","ping_status":"open","sticky":false,"template":"","format":"standard","meta":{"footnotes":""},"categories":[3,216,259],"tags":[],"class_list":["post-59400","post","type-post","status-publish","format-standard","has-post-thumbnail","hentry","category-8-columnas","category-municipios","category-tetlanohcan"],"amp_enabled":true,"_links":{"self":[{"href":"https:\/\/labestiapolitica.com.mx\/index.php?rest_route=\/wp\/v2\/posts\/59400","targetHints":{"allow":["GET"]}}],"collection":[{"href":"https:\/\/labestiapolitica.com.mx\/index.php?rest_route=\/wp\/v2\/posts"}],"about":[{"href":"https:\/\/labestiapolitica.com.mx\/index.php?rest_route=\/wp\/v2\/types\/post"}],"author":[{"embeddable":true,"href":"https:\/\/labestiapolitica.com.mx\/index.php?rest_route=\/wp\/v2\/users\/3"}],"replies":[{"embeddable":true,"href":"https:\/\/labestiapolitica.com.mx\/index.php?rest_route=%2Fwp%2Fv2%2Fcomments&post=59400"}],"version-history":[{"count":1,"href":"https:\/\/labestiapolitica.com.mx\/index.php?rest_route=\/wp\/v2\/posts\/59400\/revisions"}],"predecessor-version":[{"id":59402,"href":"https:\/\/labestiapolitica.com.mx\/index.php?rest_route=\/wp\/v2\/posts\/59400\/revisions\/59402"}],"wp:featuredmedia":[{"embeddable":true,"href":"https:\/\/labestiapolitica.com.mx\/index.php?rest_route=\/wp\/v2\/media\/59401"}],"wp:attachment":[{"href":"https:\/\/labestiapolitica.com.mx\/index.php?rest_route=%2Fwp%2Fv2%2Fmedia&parent=59400"}],"wp:term":[{"taxonomy":"category","embeddable":true,"href":"https:\/\/labestiapolitica.com.mx\/index.php?rest_route=%2Fwp%2Fv2%2Fcategories&post=59400"},{"taxonomy":"post_tag","embeddable":true,"href":"https:\/\/labestiapolitica.com.mx\/index.php?rest_route=%2Fwp%2Fv2%2Ftags&post=59400"}],"curies":[{"name":"wp","href":"https:\/\/api.w.org\/{rel}","templated":true}]}}