{"id":59403,"date":"2026-01-23T13:44:08","date_gmt":"2026-01-23T19:44:08","guid":{"rendered":"https:\/\/labestiapolitica.com.mx\/?p=59403"},"modified":"2026-01-24T13:48:47","modified_gmt":"2026-01-24T19:48:47","slug":"autoridades-estatales-y-federales-acuerdan-fortalecer-el-acceso-al-credito-para-las-pequenas-y-medianas-empresas-de-tlaxcala","status":"publish","type":"post","link":"https:\/\/labestiapolitica.com.mx\/?p=59403","title":{"rendered":"AUTORIDADES ESTATALES Y FEDERALES ACUERDAN FORTALECER EL ACCESO AL CR\u00c9DITO PARA LAS PEQUE\u00d1AS Y MEDIANAS EMPRESAS DE TLAXCALA"},"content":{"rendered":"<ul>\n<li style=\"text-align: justify;\">Celebran la Primera Sesi\u00f3n del Consejo Consultivo NAFIN\u2013Bancomext Tlaxcala 2026, a fin de impulsar a las MiPyMEs y consolidar el crecimiento econ\u00f3mico regional_<\/li>\n<\/ul>\n<p style=\"text-align: justify;\">La Secretar\u00eda de Desarrollo Econ\u00f3mico (Sedeco) llev\u00f3 a cabo la Primera Sesi\u00f3n del Consejo Consultivo de la banca de desarrollo Nacional Financiera NAFIN-Bancomext Tlaxcala 2026, con el objetivo de ampliar el acceso al financiamiento, impulsar a las micro, peque\u00f1as y medianas empresas (MiPyMEs) y consolidar el crecimiento econ\u00f3mico regional.<\/p>\n<p style=\"text-align: justify;\">La sesi\u00f3n fue presidida por el secretario de Desarrollo Econ\u00f3mico, Javier Marroqu\u00edn Calder\u00f3n, y cont\u00f3 con la participaci\u00f3n de directivos de la banca de desarrollo, entre ellos Roberto Lazzeri Monta\u00f1o, director general de NAFIN\u2013Bancomext, y Leonardo Poblete Galv\u00e1n, titular de la Unidad de Promoci\u00f3n Institucional, as\u00ed como de empresarias y empresarios tlaxcaltecas.<\/p>\n<p style=\"text-align: justify;\">Durante la sesi\u00f3n se subray\u00f3 que, en Tlaxcala, los Consejos Consultivos de Nacional Financiera se han consolidado como un mecanismo permanente de coordinaci\u00f3n entre el Gobierno del Estado, el sector empresarial y la banca de desarrollo, permitiendo no solo la difusi\u00f3n de programas y productos financieros, sino tambi\u00e9n la identificaci\u00f3n puntual de las necesidades de las MiPyMEs.<\/p>\n<p style=\"text-align: justify;\">Este trabajo conjunto ha sido clave para atender sectores estrat\u00e9gicos como el automotriz, textil, agroindustrial y de servicios, as\u00ed como para alinear las pol\u00edticas de financiamiento con la vocaci\u00f3n productiva de la entidad.<\/p>\n<p style=\"text-align: justify;\">Asimismo, se destac\u00f3 que estos espacios han contribuido a facilitar la vinculaci\u00f3n entre empresas y esquemas de cr\u00e9dito, fortalecer las cadenas de valor y generar condiciones favorables para la inversi\u00f3n productiva y la creaci\u00f3n de empleo.<\/p>\n<p style=\"text-align: justify;\">Con la realizaci\u00f3n de esta Primera Sesi\u00f3n del Consejo Consultivo Tlaxcala 2026, el Gobierno del Estado, a trav\u00e9s de la Sedeco, reafirma su compromiso de impulsar la competitividad regional, fomentar la inversi\u00f3n productiva y promover un desarrollo econ\u00f3mico sostenible y de largo plazo en beneficio de las y los tlaxcaltecas.<\/p>\n","protected":false},"excerpt":{"rendered":"<p>Celebran la Primera Sesi\u00f3n del Consejo Consultivo NAFIN\u2013Bancomext Tlaxcala 2026, a fin de impulsar a las MiPyMEs y consolidar el crecimiento econ\u00f3mico regional_ La Secretar\u00eda de Desarrollo Econ\u00f3mico (Sedeco) llev\u00f3 a cabo la Primera Sesi\u00f3n del Consejo Consultivo de la banca de desarrollo Nacional Financiera NAFIN-Bancomext Tlaxcala 2026, con el objetivo de ampliar el acceso [&hellip;]<\/p>\n","protected":false},"author":3,"featured_media":59404,"comment_status":"open","ping_status":"open","sticky":false,"template":"","format":"standard","meta":{"footnotes":""},"categories":[236],"tags":[],"class_list":["post-59403","post","type-post","status-publish","format-standard","has-post-thumbnail","hentry","category-gobierno-de-tlaxcala"],"amp_enabled":true,"_links":{"self":[{"href":"https:\/\/labestiapolitica.com.mx\/index.php?rest_route=\/wp\/v2\/posts\/59403","targetHints":{"allow":["GET"]}}],"collection":[{"href":"https:\/\/labestiapolitica.com.mx\/index.php?rest_route=\/wp\/v2\/posts"}],"about":[{"href":"https:\/\/labestiapolitica.com.mx\/index.php?rest_route=\/wp\/v2\/types\/post"}],"author":[{"embeddable":true,"href":"https:\/\/labestiapolitica.com.mx\/index.php?rest_route=\/wp\/v2\/users\/3"}],"replies":[{"embeddable":true,"href":"https:\/\/labestiapolitica.com.mx\/index.php?rest_route=%2Fwp%2Fv2%2Fcomments&post=59403"}],"version-history":[{"count":1,"href":"https:\/\/labestiapolitica.com.mx\/index.php?rest_route=\/wp\/v2\/posts\/59403\/revisions"}],"predecessor-version":[{"id":59405,"href":"https:\/\/labestiapolitica.com.mx\/index.php?rest_route=\/wp\/v2\/posts\/59403\/revisions\/59405"}],"wp:featuredmedia":[{"embeddable":true,"href":"https:\/\/labestiapolitica.com.mx\/index.php?rest_route=\/wp\/v2\/media\/59404"}],"wp:attachment":[{"href":"https:\/\/labestiapolitica.com.mx\/index.php?rest_route=%2Fwp%2Fv2%2Fmedia&parent=59403"}],"wp:term":[{"taxonomy":"category","embeddable":true,"href":"https:\/\/labestiapolitica.com.mx\/index.php?rest_route=%2Fwp%2Fv2%2Fcategories&post=59403"},{"taxonomy":"post_tag","embeddable":true,"href":"https:\/\/labestiapolitica.com.mx\/index.php?rest_route=%2Fwp%2Fv2%2Ftags&post=59403"}],"curies":[{"name":"wp","href":"https:\/\/api.w.org\/{rel}","templated":true}]}}