{"id":59406,"date":"2026-01-23T13:45:45","date_gmt":"2026-01-23T19:45:45","guid":{"rendered":"https:\/\/labestiapolitica.com.mx\/?p=59406"},"modified":"2026-01-24T13:49:02","modified_gmt":"2026-01-24T19:49:02","slug":"con-eco-feria-secretaria-de-medio-ambiente-fomenta-educacion-ambiental-en-infancias","status":"publish","type":"post","link":"https:\/\/labestiapolitica.com.mx\/?p=59406","title":{"rendered":"CON \u201cECO FERIA\u201d, SECRETAR\u00cdA DE MEDIO AMBIENTE FOMENTA EDUCACI\u00d3N AMBIENTAL EN INFANCIAS"},"content":{"rendered":"<ul>\n<li style=\"text-align: justify;\">En el marco del D\u00eda Mundial de la Educaci\u00f3n Ambiental, la estrategia llegar\u00e1 a escuelas de Ixtacuixtla, Chiautempan y Tetlanohcan con actividades l\u00fadicas y formativas_<\/li>\n<\/ul>\n<p>La Secretar\u00eda de Medio Ambiente (SMA) llevar\u00e1 a cabo la \u201cEco Feria: Jugando y Aprendiendo a Cuidar el Planeta\u201d, con actividades educativas, dirigidas a ni\u00f1as y ni\u00f1os de distintas regiones del estado, que se desarrollar\u00e1n con el objetivo de fortalecer la conciencia ambiental desde edades tempranas.<\/p>\n<p>El titular de la SMA, Pedro Aquino Alvarado, inform\u00f3 que esta iniciativa se realizar\u00e1 en el marco de la conmemoraci\u00f3n del D\u00eda Mundial de la Educaci\u00f3n Ambiental, que se celebra el pr\u00f3ximo 26 de enero, a trav\u00e9s de la Direcci\u00f3n de Biodiversidad y en coordinaci\u00f3n con la Secretar\u00eda de Medio Ambiente y Recursos Naturales.<\/p>\n<p>Aquino Alvarado destac\u00f3 que la \u201cEco Feria\u201d busca acercar a las infancias a pr\u00e1cticas ambientales que promuevan el cuidado y la protecci\u00f3n de los recursos naturales.<\/p>\n<p>Las actividades se desarrollar\u00e1n del 26 al 28 de enero, en un horario de 10:00 a 13:00 horas, en tres sedes educativas: la Escuela Primaria \u201cBenito Ju\u00e1rez\u201d, en La Trinidad Tenexyecac, municipio de Ixtacuixtla; la Escuela Secundaria T\u00e9cnica No. 31 \u201cTlahuicole\u201d, en Texcacoac, municipio de Santa Ana Chiautempan; y la Escuela Secundaria T\u00e9cnica No. 10 \u201cLic. Emilio S\u00e1nchez Piedras\u201d, en el municipio de San Francisco Tetlanohcan.<\/p>\n<p>Durante la \u201cEco Feria\u201d se llevar\u00e1n a cabo diversas actividades como la inauguraci\u00f3n del \u201cBio Centro de Composta Escolar\u201d, con la colocaci\u00f3n de una placa conmemorativa, elaboraci\u00f3n y exposici\u00f3n de carteles ambientales, pl\u00e1ticas de educaci\u00f3n ambiental, producci\u00f3n de p\u00f3dcast y din\u00e1micas l\u00fadicas orientadas al aprendizaje y la participaci\u00f3n del alumnado.<\/p>\n<p>Aquino Alvarado subray\u00f3 que la educaci\u00f3n ambiental es una herramienta fundamental para formar ciudadanos conscientes, responsables y comprometidos con su entorno, al fomentar valores como el respeto a la naturaleza, la responsabilidad social y el uso sostenible de los recursos.<\/p>\n<p>Asimismo, se\u00f1al\u00f3 que estas acciones generan conciencia sobre el impacto de las actividades cotidianas en el medio ambiente y promueven h\u00e1bitos como el ahorro de agua, la separaci\u00f3n de residuos y el consumo responsable.<\/p>\n<p>Agreg\u00f3 que la formaci\u00f3n ambiental desde la infancia fortalece el pensamiento cr\u00edtico y la toma de decisiones, al incentivar el an\u00e1lisis de los problemas ambientales y la b\u00fasqueda de soluciones colectivas.<\/p>\n<p>\u201cLas ni\u00f1as y los ni\u00f1os se convierten en agentes de cambio dentro de sus familias y comunidades, multiplicando pr\u00e1cticas positivas en su entorno inmediato\u201d, afirm\u00f3.<\/p>\n<p>Con estas acciones, el Gobierno del Estado refrenda su compromiso con la educaci\u00f3n ambiental como un eje estrat\u00e9gico para construir una cultura de respeto, cuidado y protecci\u00f3n del entorno natural, indispensable para garantizar un futuro sostenible.<\/p>\n","protected":false},"excerpt":{"rendered":"<p>En el marco del D\u00eda Mundial de la Educaci\u00f3n Ambiental, la estrategia llegar\u00e1 a escuelas de Ixtacuixtla, Chiautempan y Tetlanohcan con actividades l\u00fadicas y formativas_ La Secretar\u00eda de Medio Ambiente (SMA) llevar\u00e1 a cabo la \u201cEco Feria: Jugando y Aprendiendo a Cuidar el Planeta\u201d, con actividades educativas, dirigidas a ni\u00f1as y ni\u00f1os de distintas regiones [&hellip;]<\/p>\n","protected":false},"author":3,"featured_media":59407,"comment_status":"open","ping_status":"open","sticky":false,"template":"","format":"standard","meta":{"footnotes":""},"categories":[236],"tags":[],"class_list":["post-59406","post","type-post","status-publish","format-standard","has-post-thumbnail","hentry","category-gobierno-de-tlaxcala"],"amp_enabled":true,"_links":{"self":[{"href":"https:\/\/labestiapolitica.com.mx\/index.php?rest_route=\/wp\/v2\/posts\/59406","targetHints":{"allow":["GET"]}}],"collection":[{"href":"https:\/\/labestiapolitica.com.mx\/index.php?rest_route=\/wp\/v2\/posts"}],"about":[{"href":"https:\/\/labestiapolitica.com.mx\/index.php?rest_route=\/wp\/v2\/types\/post"}],"author":[{"embeddable":true,"href":"https:\/\/labestiapolitica.com.mx\/index.php?rest_route=\/wp\/v2\/users\/3"}],"replies":[{"embeddable":true,"href":"https:\/\/labestiapolitica.com.mx\/index.php?rest_route=%2Fwp%2Fv2%2Fcomments&post=59406"}],"version-history":[{"count":1,"href":"https:\/\/labestiapolitica.com.mx\/index.php?rest_route=\/wp\/v2\/posts\/59406\/revisions"}],"predecessor-version":[{"id":59408,"href":"https:\/\/labestiapolitica.com.mx\/index.php?rest_route=\/wp\/v2\/posts\/59406\/revisions\/59408"}],"wp:featuredmedia":[{"embeddable":true,"href":"https:\/\/labestiapolitica.com.mx\/index.php?rest_route=\/wp\/v2\/media\/59407"}],"wp:attachment":[{"href":"https:\/\/labestiapolitica.com.mx\/index.php?rest_route=%2Fwp%2Fv2%2Fmedia&parent=59406"}],"wp:term":[{"taxonomy":"category","embeddable":true,"href":"https:\/\/labestiapolitica.com.mx\/index.php?rest_route=%2Fwp%2Fv2%2Fcategories&post=59406"},{"taxonomy":"post_tag","embeddable":true,"href":"https:\/\/labestiapolitica.com.mx\/index.php?rest_route=%2Fwp%2Fv2%2Ftags&post=59406"}],"curies":[{"name":"wp","href":"https:\/\/api.w.org\/{rel}","templated":true}]}}