{"id":59422,"date":"2026-01-25T10:18:35","date_gmt":"2026-01-25T16:18:35","guid":{"rendered":"https:\/\/labestiapolitica.com.mx\/?p=59422"},"modified":"2026-01-25T10:18:35","modified_gmt":"2026-01-25T16:18:35","slug":"oaxaca-celebra-la-primera-revocacion-de-mandato-estatal","status":"publish","type":"post","link":"https:\/\/labestiapolitica.com.mx\/?p=59422","title":{"rendered":"Oaxaca celebra la primera revocaci\u00f3n de mandato estatal"},"content":{"rendered":"<p class=\"p1\" style=\"text-align: justify;\">El morenista Salvador Jara se convierte en el primer mandatario local que consulta su continuidad en el cargo. La oposici\u00f3n descalifica el ejercicio, convocado por los simpatizantes del gobernador<\/p>\n<p class=\"p2\" style=\"text-align: justify;\"><span class=\"s2\">Ni el accidente del <a href=\"https:\/\/elpais.com\/mexico\/2025-12-29\/el-tren-interoceanico-descarrila-en-oaxaca-hay-muertos-y-heridos.html\"><span class=\"s3\">Tren Interoce\u00e1nico<\/span><\/a>, ni las limitaciones presupuestales, ni la indiferencia de la presidenta Claudia Sheinbaum, y mucho menos las quejas de la oposici\u00f3n pudieron frenar al gobernador <a href=\"https:\/\/elpais.com\/mexico\/elecciones-mexicanas\/2022-06-04\/oaxaca-las-promesas-de-una-primavera-en-tierra-de-desigualdad.html\"><span class=\"s3\">Salom\u00f3n Jara<\/span><\/a> en su intenci\u00f3n de ser ratificado como gobernador de Oaxaca. <\/span><\/p>\n<p class=\"p2\" style=\"text-align: justify;\"><span class=\"s2\">La entidad del sureste se convertir\u00e1 el domingo en la primera del pa\u00eds que experimenta con la consulta de revocaci\u00f3n de mandato. El ejercicio no es promovido por los detractores del mandatario de Morena, sino por sus simpatizantes.<\/span><\/p>\n<p class=\"p2\" style=\"text-align: justify;\"><span class=\"s2\">La consulta tiene la misma l\u00f3gica que el ejercicio revocatorio nacional promovido en 2022 por el expresidente <a href=\"https:\/\/elpais.com\/mexico\/2022-04-11\/lopez-obrador-logra-un-respaldo-aplastante-de-sus-seguidores-en-la-consulta-sobre-la-revocacion-de-mandato.html\"><span class=\"s3\">Andr\u00e9s Manuel L\u00f3pez Obrador<\/span><\/a>. Este se tradujo en 15 millones de votos a favor de su permanencia en el poder. \u201cEl pueblo pone y el pueblo quita\u201d, fue la promesa del hoy expresidente. Jara emula hoy esa conducta, convirti\u00e9ndose en el primero de Morena y de todo el pa\u00eds que se somete al ejercicio.<\/span><\/p>\n<p class=\"p2\" style=\"text-align: justify;\"><span class=\"s2\">M\u00e1s de tres millones de oaxaque\u00f1os han sido convocados a las 2.816 casillas que se instalar\u00e1n en los 570 municipios de Oaxaca para responder una pregunta: \u201c\u00bfEst\u00e1s de acuerdo en que, a Salom\u00f3n Jara Cruz, gobernador del Estado, se le revoque el mandato por p\u00e9rdida de confianza, o que siga en la gubernatura hasta que termine su periodo?\u201d. Nadie espera que el instrumento deponga al mandatario, quien acaba de cumplir tres a\u00f1os en la Administraci\u00f3n. La jornada servir\u00e1 para movilizar a sus simpatizantes y mostrar el m\u00fasculo de Morena en la entidad.<\/span><\/p>\n<p class=\"p2\" style=\"text-align: justify;\"><span class=\"s2\">Una estela de denuncias por presuntas irregularidades precede a la consulta. Estas van desde el uso de recursos p\u00fablicos para conseguir las 300.000 firmas necesarias para convocar a la revocaci\u00f3n, hasta el exagerado despliegue publicitario en favor del gobernador. El Instituto Electoral y de Participaci\u00f3n Ciudadana de Oaxaca (IEPCO) retir\u00f3 el jueves 852 lonas y cuatro anuncios espectaculares con propaganda ilegal de Jara.<\/span><\/p>\n<p class=\"p2\" style=\"text-align: justify;\"><span class=\"s2\">Los partidos de la oposici\u00f3n y algunos activistas ciudadanos han denunciado que asociaciones civiles como Defensores de la Primavera o Guardianes de la Transformaci\u00f3n fueron creadas para juntar las firmas en favor del gobernador y as\u00ed promover la consulta. En teor\u00eda solo el IEPCO est\u00e1 autorizado para llamar a votar.<\/span><\/p>\n<p class=\"p2\" style=\"text-align: justify;\"><span class=\"s2\">Oaxaca requerir\u00eda una participaci\u00f3n de 1,2 millones para hacer vinculante el ejercicio, suponiendo que se tratara de una aut\u00e9ntica revocaci\u00f3n de mandato. Aunque la consulta es en realidad promovida como un ejercicio de ratificaci\u00f3n, Gobierno y partido se han fijado como meta alcanzar la cifra este domingo. En ello se ha empleado el aparato del oficialismo, poniendo cuotas de votos a sus operadores en las siete regiones del territorio.<\/span><\/p>\n<p class=\"p2\" style=\"text-align: justify;\"><span class=\"s2\">Jara fue electo en 2022 para un periodo de seis a\u00f1os que concluir\u00e1 en diciembre de 2028. Antes de ser gobernador, fue senador de la Rep\u00fablica, diputado federal y local, y funcionario en el Gobierno de Gabino Cu\u00e9. En 2025 promovi\u00f3 una reforma a la constituci\u00f3n local y una ley para organizar la consulta. Esta fue convocada para el 26 de diciembre pasado. Sin embargo, el accidente del Tren Interoce\u00e1nico del 28 de diciembre, y donde murieron 14 personas, oblig\u00f3 a aplazarla.<\/span><\/p>\n<p class=\"p2\" style=\"text-align: justify;\"><span class=\"s2\">El ejercicio implicar\u00e1 un gasto de al menos cien millones de pesos, que fueron aprobados por el Congreso federal (controlado por Morena) como partida para el IEPCO.<\/span><\/p>\n<p class=\"p2\" style=\"text-align: justify;\"><span class=\"s2\">El PRI y el PAN han denunciado el uso del Gobierno estatal para promover la consulta. El PRI, que gobern\u00f3 Oaxaca hasta 2022, es hoy una fuerza desdibujada. Su \u00faltimo gobernador, Alejandro Murat, se uni\u00f3 a Morena dos a\u00f1os m\u00e1s tarde para convertirse en senador. Aun as\u00ed, su dirigente estatal, Hugo Jarqu\u00edn, es uno de los principales cr\u00edticos del proceso. \u201cEste ejercicio se ha convertido en una simulaci\u00f3n para encubrir un gobierno fallido, mientras Oaxaca enfrenta inseguridad, abandono regional, carreteras en mal estado y comunidades cansadas de la corrupci\u00f3n y los malos resultados\u201d, dijo el priista.<\/span><\/p>\n<p class=\"p2\" style=\"text-align: justify;\"><span class=\"s2\">Jara enfrenta adem\u00e1s serias denuncias de nepotismo. Su nuera, Tania Caballero, es diputada de Morena y presidenta de la Junta de Coordinaci\u00f3n Pol\u00edtica del Congreso; su hermana, Huandy Jara, lleva las relaciones p\u00fablicas del gobierno; su hija, Magdalena Jara, es delegada del Infonavit en la entidad; su hermano, No\u00e9 Jara, fue hasta hace unos meses secretario del gobierno municipal de Oaxaca; su sobrino, Carlos Vichido, ocupa la Secretar\u00eda de Infraestructura y Comunicaciones; su yerno, Jos\u00e9 \u00c1ngel San Juan, es secretario t\u00e9cnico del Poder Ejecutivo; su hija, Bxido Jara Bola\u00f1os, es secretaria de Pueblos Originarios de Morena; su hijo, Shabin Jara Bola\u00f1os, es secretario de Organizaci\u00f3n del partido; entre otros familiares que ostentan cargos p\u00fablicos.<\/span><\/p>\n<p class=\"p1\" style=\"text-align: justify;\"><strong><span class=\"s1\">De la APPO a la Revocaci\u00f3n de Mandato<\/span><\/strong><\/p>\n<p class=\"p2\" style=\"text-align: justify;\"><span class=\"s2\">Los funcionarios del Gobierno y dirigentes locales de Morena defienden la revocaci\u00f3n como un ejercicio in\u00e9dito. \u201cEs impredecible el resultado\u201d, aventura Flavio Sosa, un veterano activista social, dirigente y vocero de la Asamblea Popular de los Pueblos de Oaxaca (APPO), y protagonista de la<a href=\"https:\/\/elpais.com\/internacional\/2006\/11\/05\/actualidad\/1162681211_850215.html\"><span class=\"s3\"> gran revuelta social que estall\u00f3 en la entidad<\/span><\/a> en 2006.<\/span><\/p>\n<p class=\"p2\" style=\"text-align: justify;\"><span class=\"s2\">Los disturbios comenzaron tras un acto de represi\u00f3n contra el magisterio local, ocurrido el 14 de junio de aquel a\u00f1o. Diversos sectores se levantaron para exigir la renuncia del entonces gobernador, el priista Ulises Ruiz. La respuesta fue m\u00e1s represi\u00f3n, lo que llev\u00f3 a la formaci\u00f3n de la APPO y la toma de Oaxaca mediante bloqueos, barricadas, toma de instituciones p\u00fablicas y medios de comunicaci\u00f3n locales. El sitio dur\u00f3 meses y orill\u00f3 al presidente Vicente Fox a enviar miles de agentes de la Polic\u00eda Federal, quienes recuperaron la ciudad por la fuerza con ayuda de los militares. Hubo detenciones y encarcelamientos, como el de Flavio Sosa.<\/span><\/p>\n<p class=\"p2\" style=\"text-align: justify;\"><span class=\"s2\">El activista asegura hoy que el ejercicio revocatorio no puede leerse desde la \u00f3ptica nacional que la compara con el de L\u00f3pez Obrador. Debe tomarse en cuenta la l\u00f3gica de un pueblo que en 2006 exigi\u00f3 una reforma pol\u00edtica de fondo. \u201cHace 20 a\u00f1os ya se ven\u00eda empujando una ola muy fuerte para la democratizaci\u00f3n. La revuelta de 2006 no s\u00f3lo hizo que el PRI perdiera los controles caciquiles de Oaxaca, sino que implic\u00f3 una toma de conciencia, una revuelta cultural y una reflexi\u00f3n pol\u00edtica profunda, y se plante\u00f3, desde ese momento, instrumentar plebiscito, refer\u00e9ndum y revocaci\u00f3n de mandato como herramientas, para que, si un gobernante no cumpl\u00eda su programa de Gobierno, se volv\u00eda un represor o simplemente atend\u00eda solo a sus intereses, pudiera ser removido\u201d, narra Sosa, hoy secretario de Cultura de la Administraci\u00f3n de Jara.<\/span><\/p>\n<p class=\"p2\"><span class=\"s4\">Informaci\u00f3n de: EL PA\u00cdS <\/span><\/p>\n","protected":false},"excerpt":{"rendered":"<p>El morenista Salvador Jara se convierte en el primer mandatario local que consulta su continuidad en el cargo. La oposici\u00f3n descalifica el ejercicio, convocado por los simpatizantes del gobernador Ni el accidente del Tren Interoce\u00e1nico, ni las limitaciones presupuestales, ni la indiferencia de la presidenta Claudia Sheinbaum, y mucho menos las quejas de la oposici\u00f3n [&hellip;]<\/p>\n","protected":false},"author":3,"featured_media":59424,"comment_status":"open","ping_status":"open","sticky":false,"template":"","format":"standard","meta":{"footnotes":""},"categories":[3,10],"tags":[],"class_list":["post-59422","post","type-post","status-publish","format-standard","has-post-thumbnail","hentry","category-8-columnas","category-nacional-e-internacional"],"amp_enabled":true,"_links":{"self":[{"href":"https:\/\/labestiapolitica.com.mx\/index.php?rest_route=\/wp\/v2\/posts\/59422","targetHints":{"allow":["GET"]}}],"collection":[{"href":"https:\/\/labestiapolitica.com.mx\/index.php?rest_route=\/wp\/v2\/posts"}],"about":[{"href":"https:\/\/labestiapolitica.com.mx\/index.php?rest_route=\/wp\/v2\/types\/post"}],"author":[{"embeddable":true,"href":"https:\/\/labestiapolitica.com.mx\/index.php?rest_route=\/wp\/v2\/users\/3"}],"replies":[{"embeddable":true,"href":"https:\/\/labestiapolitica.com.mx\/index.php?rest_route=%2Fwp%2Fv2%2Fcomments&post=59422"}],"version-history":[{"count":1,"href":"https:\/\/labestiapolitica.com.mx\/index.php?rest_route=\/wp\/v2\/posts\/59422\/revisions"}],"predecessor-version":[{"id":59423,"href":"https:\/\/labestiapolitica.com.mx\/index.php?rest_route=\/wp\/v2\/posts\/59422\/revisions\/59423"}],"wp:featuredmedia":[{"embeddable":true,"href":"https:\/\/labestiapolitica.com.mx\/index.php?rest_route=\/wp\/v2\/media\/59424"}],"wp:attachment":[{"href":"https:\/\/labestiapolitica.com.mx\/index.php?rest_route=%2Fwp%2Fv2%2Fmedia&parent=59422"}],"wp:term":[{"taxonomy":"category","embeddable":true,"href":"https:\/\/labestiapolitica.com.mx\/index.php?rest_route=%2Fwp%2Fv2%2Fcategories&post=59422"},{"taxonomy":"post_tag","embeddable":true,"href":"https:\/\/labestiapolitica.com.mx\/index.php?rest_route=%2Fwp%2Fv2%2Ftags&post=59422"}],"curies":[{"name":"wp","href":"https:\/\/api.w.org\/{rel}","templated":true}]}}