{"id":59434,"date":"2026-01-25T11:46:26","date_gmt":"2026-01-25T17:46:26","guid":{"rendered":"https:\/\/labestiapolitica.com.mx\/?p=59434"},"modified":"2026-01-25T13:48:32","modified_gmt":"2026-01-25T19:48:32","slug":"fallece-susana-fernandez-ordonez-pilar-del-periodismo-y-la-educacion-en-tlaxcala","status":"publish","type":"post","link":"https:\/\/labestiapolitica.com.mx\/?p=59434","title":{"rendered":"Fallece Susana Fern\u00e1ndez Ord\u00f3\u00f1ez, pilar del periodismo y la educaci\u00f3n en Tlaxcala"},"content":{"rendered":"<blockquote>\n<p style=\"text-align: justify;\">Figura fundamental en los medios de comunicaci\u00f3n y fundadora de la Universidad del Altiplano, deja un legado imborrable tras m\u00e1s de seis d\u00e9cadas de trayectoria.<\/p>\n<\/blockquote>\n<p style=\"text-align: justify;\">Mariana LOVERA\/\/ La comunidad period\u00edstica, acad\u00e9mica y cultural de Tlaxcala est\u00e1 de luto por el fallecimiento de la licenciada Susana Fern\u00e1ndez Ord\u00f3\u00f1ez, una de las pioneras del periodismo en el estado y una de sus figuras femeninas m\u00e1s influyentes en la segunda mitad del siglo XX y lo que va del XXI.<\/p>\n<p style=\"text-align: justify;\">Con una carrera que se extendi\u00f3 por m\u00e1s de 64 a\u00f1os, Susana Fern\u00e1ndez fue un nombre inseparable del quehacer informativo y social de Tlaxcala. Egresada de la prestigiosa Escuela de Periodismo Carlos Septi\u00e9n Garc\u00eda, inici\u00f3 su v\u00ednculo con El Sol de Tlaxcala el 10 de agosto de 1959. Sin embargo, su labor period\u00edstica en el diario comenz\u00f3 formalmente el 16 de agosto de 1966 con su primera columna, \u201cEcos Sociales\u201d, firmada bajo el seud\u00f3nimo \u201cImpala\u201d.<\/p>\n<p style=\"text-align: justify;\">Su pluma se convirti\u00f3 en un hilo conductor de la vida social, cultural y pol\u00edtica de la entidad. A lo largo de las d\u00e9cadas, cre\u00f3 columnas emblem\u00e1ticas como \u201cTlaxcalteca\u201d y, desde 1990, \u201cDeshojando el Cempas\u00fachil\u201d, la cual mantuvo de manera ininterrumpida hasta abril de 2024, alcanzando la impresionante marca de 34 a\u00f1os de publicaci\u00f3n continua.<\/p>\n<p style=\"text-align: justify;\">Su trabajo trascendi\u00f3 las p\u00e1ginas sociales. Fern\u00e1ndez Ord\u00f3\u00f1ez fue una entrevistadora aguda que dialog\u00f3 con gobernadores, artistas, intelectuales y personajes populares. Destac\u00f3 por su compromiso social, dando voz a quienes rara vez la ten\u00edan.<\/p>\n<ul>\n<li><strong>Una legado acad\u00e9mico y de reconocimientos<\/strong><\/li>\n<\/ul>\n<p style=\"text-align: justify;\">M\u00e1s all\u00e1 de las redacciones, Susana Fern\u00e1ndez construy\u00f3 un pilar en la educaci\u00f3n. Fue fundadora y rectora de la Universidad del Altiplano, donde imparti\u00f3 clases en la Licenciatura de Ciencias de la Comunicaci\u00f3n, formando a nuevas generaciones de profesionales.<\/p>\n<p style=\"text-align: justify;\">Su trayectoria fue ampliamente reconocida. En 2014, el Poder Legislativo de Tlaxcala le otorg\u00f3 la presea Miguel N. Lira por su constancia, profesionalismo y compromiso con el periodismo de significaci\u00f3n social. Apenas en junio de 2025, la organizaci\u00f3n \u201cMujeres en Consenso, por nosotras y con ellos\u201d le hizo entrega del reconocimiento \u201cLibertad de la Palabra\u201d, en una ceremonia donde se enalteci\u00f3 su vasta obra como periodista y escritora.<\/p>\n<ul>\n<li><strong>Poeta y cronista de su tiempo<\/strong><\/li>\n<\/ul>\n<p style=\"text-align: justify;\">Su faceta como poeta tambi\u00e9n estuvo presente a lo largo de los a\u00f1os, publicando obras como \u201cFeliz de Ser mujer\u201d en las p\u00e1ginas de el Sol de Tlaxcala, demostrando una sensibilidad que complementaba su rigor period\u00edstico.<\/p>\n<p style=\"text-align: justify;\">La partida de Susana Fern\u00e1ndez Ord\u00f3\u00f1ez deja un vac\u00edo irreparable en el panorama cultural y medi\u00e1tico de Tlaxcala. Su incansable dinamismo, su cr\u00edtica constructiva y su amor por su tierra quedaron plasmados en miles de columnas, art\u00edculos y proyectos que forjaron la memoria contempor\u00e1nea de la entidad.<\/p>\n<p style=\"text-align: justify;\">Despedimos a la decana, a la maestra, a la pionera, su compromiso inquebrantable con la verdad y la sociedad perdurar\u00e1n como el legado m\u00e1s valioso de una mujer que, verdaderamente, fue parte fundamental de la historia de Tlaxcala.<\/p>\n","protected":false},"excerpt":{"rendered":"<p>Figura fundamental en los medios de comunicaci\u00f3n y fundadora de la Universidad del Altiplano, deja un legado imborrable tras m\u00e1s de seis d\u00e9cadas de trayectoria. Mariana LOVERA\/\/ La comunidad period\u00edstica, acad\u00e9mica y cultural de Tlaxcala est\u00e1 de luto por el fallecimiento de la licenciada Susana Fern\u00e1ndez Ord\u00f3\u00f1ez, una de las pioneras del periodismo en el [&hellip;]<\/p>\n","protected":false},"author":6,"featured_media":59435,"comment_status":"open","ping_status":"open","sticky":false,"template":"","format":"standard","meta":{"footnotes":""},"categories":[3,7],"tags":[],"class_list":["post-59434","post","type-post","status-publish","format-standard","has-post-thumbnail","hentry","category-8-columnas","category-ciudadanos"],"amp_enabled":true,"_links":{"self":[{"href":"https:\/\/labestiapolitica.com.mx\/index.php?rest_route=\/wp\/v2\/posts\/59434","targetHints":{"allow":["GET"]}}],"collection":[{"href":"https:\/\/labestiapolitica.com.mx\/index.php?rest_route=\/wp\/v2\/posts"}],"about":[{"href":"https:\/\/labestiapolitica.com.mx\/index.php?rest_route=\/wp\/v2\/types\/post"}],"author":[{"embeddable":true,"href":"https:\/\/labestiapolitica.com.mx\/index.php?rest_route=\/wp\/v2\/users\/6"}],"replies":[{"embeddable":true,"href":"https:\/\/labestiapolitica.com.mx\/index.php?rest_route=%2Fwp%2Fv2%2Fcomments&post=59434"}],"version-history":[{"count":3,"href":"https:\/\/labestiapolitica.com.mx\/index.php?rest_route=\/wp\/v2\/posts\/59434\/revisions"}],"predecessor-version":[{"id":59442,"href":"https:\/\/labestiapolitica.com.mx\/index.php?rest_route=\/wp\/v2\/posts\/59434\/revisions\/59442"}],"wp:featuredmedia":[{"embeddable":true,"href":"https:\/\/labestiapolitica.com.mx\/index.php?rest_route=\/wp\/v2\/media\/59435"}],"wp:attachment":[{"href":"https:\/\/labestiapolitica.com.mx\/index.php?rest_route=%2Fwp%2Fv2%2Fmedia&parent=59434"}],"wp:term":[{"taxonomy":"category","embeddable":true,"href":"https:\/\/labestiapolitica.com.mx\/index.php?rest_route=%2Fwp%2Fv2%2Fcategories&post=59434"},{"taxonomy":"post_tag","embeddable":true,"href":"https:\/\/labestiapolitica.com.mx\/index.php?rest_route=%2Fwp%2Fv2%2Ftags&post=59434"}],"curies":[{"name":"wp","href":"https:\/\/api.w.org\/{rel}","templated":true}]}}