{"id":59438,"date":"2026-01-25T12:46:18","date_gmt":"2026-01-25T18:46:18","guid":{"rendered":"https:\/\/labestiapolitica.com.mx\/?p=59438"},"modified":"2026-01-25T12:46:45","modified_gmt":"2026-01-25T18:46:45","slug":"la-juventud-como-raiz-del-cambio","status":"publish","type":"post","link":"https:\/\/labestiapolitica.com.mx\/?p=59438","title":{"rendered":"La juventud como ra\u00edz del cambio"},"content":{"rendered":"<p style=\"text-align: justify;\">Ana Lilia Rivera Rivera *<\/p>\n<p style=\"text-align: justify;\">Por a\u00f1os he sostenido una convicci\u00f3n que no nace del discurso, sino del camino andado: la pol\u00edtica que transforma no se hace desde el escritorio, se construye en el territorio, escuchando, mirando a los ojos y dialogando con la gente. Escuchar a Tlaxcala ha sido, desde hace casi tres d\u00e9cadas, una pr\u00e1ctica cotidiana que me ha ense\u00f1ado que cada comunidad guarda una lecci\u00f3n y cada voz, una propuesta posible. Hoy, esa certeza cobra un sentido especial cuando pienso en la juventud, en su energ\u00eda cr\u00edtica y en su leg\u00edtima exigencia de futuro.<\/p>\n<p style=\"text-align: justify;\">Caminar las comunidades, asistir a asambleas, conversar con madres, campesinos, estudiantes y trabajadores me ha confirmado que escuchar no es un gesto simb\u00f3lico ni un acto de cortes\u00eda pol\u00edtica. Es una responsabilidad p\u00fablica. De ese di\u00e1logo surgen las ideas que dan forma a mi trabajo legislativo; ah\u00ed se encuentran las claves para construir leyes y pol\u00edticas que respondan a la realidad de Tlaxcala y no a abstracciones alejadas de la vida diaria. Escuchar es, en el fondo, un ejercicio de respeto.<\/p>\n<p style=\"text-align: justify;\">En ese escuchar permanente, la voz de la juventud ocupa un lugar central. Las y los j\u00f3venes no solo preguntan qu\u00e9 pa\u00eds heredar\u00e1n, tambi\u00e9n nos interpelan sobre el pa\u00eds que estamos construyendo hoy. En el di\u00e1logo que sostuve con estudiantes de la Universidad del Valle de Tlaxcala confirm\u00e9 algo que me llena de esperanza: hay una generaci\u00f3n consciente, cr\u00edtica y profundamente interesada en transformar su entorno. Escuchar a la juventud no es una concesi\u00f3n, es una necesidad para pensar pol\u00edticas p\u00fablicas con visi\u00f3n de largo plazo y sentido social.<\/p>\n<p style=\"text-align: justify;\">He dicho y lo reitero: la soberan\u00eda cient\u00edfica y tecnol\u00f3gica no es patrimonio exclusivo de los grandes centros industriales. Tambi\u00e9n se construye desde los estados, desde las aulas, desde el compromiso de j\u00f3venes que entienden su realidad y desean mejorarla.<\/p>\n<p style=\"text-align: justify;\">Tlaxcala quiz\u00e1 no compite en las mismas condiciones que otros polos de desarrollo, pero tiene una riqueza invaluable: su conocimiento acumulado, sus sistemas productivos resilientes y sus saberes ancestrales.<\/p>\n<p style=\"text-align: justify;\">Nuestros conocimientos tradicionales no pertenecen al pasado; son herramientas vivas para enfrentar los desaf\u00edos del presente. El reconocimiento del metepantle tlaxcalteca como Sistema Importante del Patrimonio Agr\u00edcola Mundial nos recuerda que aqu\u00ed se ha sabido cuidar la tierra, preservar la biodiversidad y sostener la vida durante siglos. Ese saber dialoga hoy con la ciencia contempor\u00e1nea y abre oportunidades reales para un desarrollo sostenible, justo y con identidad.<\/p>\n<p style=\"text-align: justify;\">Desde el Poder Legislativo tenemos la responsabilidad de crear los marcos normativos y presupuestales que orienten ese rumbo. Por eso he impulsado iniciativas estrat\u00e9gicas, como la reforma constitucional en materia de tierras raras, convencida de que la soberan\u00eda tambi\u00e9n se defiende garantizando que los recursos clave para las tecnolog\u00edas del futuro est\u00e9n al servicio de la naci\u00f3n y de su gente.<\/p>\n<p style=\"text-align: justify;\">A las y los j\u00f3venes de Tlaxcala quiero decirles algo con absoluta claridad: la ciencia y la tecnolog\u00eda no son ajenas ni distantes. Son herramientas para transformar su comunidad, para resolver problemas reales y para imaginar un pa\u00eds m\u00e1s justo y digno. Su mirada, su creatividad y su compromiso son indispensables para construir ese futuro que anhelamos.<\/p>\n<p style=\"text-align: justify;\">Tlaxcala no es solo un territorio; es memoria, ra\u00edz y comunidad. Avanza cuando sus voces se escuchan y se convierten en propuestas. Por eso seguir\u00e9 caminando, dialogando y aprendiendo de su gente, convencida de que el verdadero cambio nace cuando la juventud se reconoce como protagonista y el Estado asume, con humildad, la tarea de escucharla.<\/p>\n<p style=\"text-align: justify;\">\nSenadora de la Rep\u00fablica por el Estado de Tlaxcala *<\/p>\n","protected":false},"excerpt":{"rendered":"<p>Ana Lilia Rivera Rivera * Por a\u00f1os he sostenido una convicci\u00f3n que no nace del discurso, sino del camino andado: la pol\u00edtica que transforma no se hace desde el escritorio, se construye en el territorio, escuchando, mirando a los ojos y dialogando con la gente. Escuchar a Tlaxcala ha sido, desde hace casi tres d\u00e9cadas, [&hellip;]<\/p>\n","protected":false},"author":3,"featured_media":59439,"comment_status":"open","ping_status":"open","sticky":false,"template":"","format":"standard","meta":{"footnotes":""},"categories":[3,6],"tags":[],"class_list":["post-59438","post","type-post","status-publish","format-standard","has-post-thumbnail","hentry","category-8-columnas","category-opinion"],"amp_enabled":true,"_links":{"self":[{"href":"https:\/\/labestiapolitica.com.mx\/index.php?rest_route=\/wp\/v2\/posts\/59438","targetHints":{"allow":["GET"]}}],"collection":[{"href":"https:\/\/labestiapolitica.com.mx\/index.php?rest_route=\/wp\/v2\/posts"}],"about":[{"href":"https:\/\/labestiapolitica.com.mx\/index.php?rest_route=\/wp\/v2\/types\/post"}],"author":[{"embeddable":true,"href":"https:\/\/labestiapolitica.com.mx\/index.php?rest_route=\/wp\/v2\/users\/3"}],"replies":[{"embeddable":true,"href":"https:\/\/labestiapolitica.com.mx\/index.php?rest_route=%2Fwp%2Fv2%2Fcomments&post=59438"}],"version-history":[{"count":2,"href":"https:\/\/labestiapolitica.com.mx\/index.php?rest_route=\/wp\/v2\/posts\/59438\/revisions"}],"predecessor-version":[{"id":59441,"href":"https:\/\/labestiapolitica.com.mx\/index.php?rest_route=\/wp\/v2\/posts\/59438\/revisions\/59441"}],"wp:featuredmedia":[{"embeddable":true,"href":"https:\/\/labestiapolitica.com.mx\/index.php?rest_route=\/wp\/v2\/media\/59439"}],"wp:attachment":[{"href":"https:\/\/labestiapolitica.com.mx\/index.php?rest_route=%2Fwp%2Fv2%2Fmedia&parent=59438"}],"wp:term":[{"taxonomy":"category","embeddable":true,"href":"https:\/\/labestiapolitica.com.mx\/index.php?rest_route=%2Fwp%2Fv2%2Fcategories&post=59438"},{"taxonomy":"post_tag","embeddable":true,"href":"https:\/\/labestiapolitica.com.mx\/index.php?rest_route=%2Fwp%2Fv2%2Ftags&post=59438"}],"curies":[{"name":"wp","href":"https:\/\/api.w.org\/{rel}","templated":true}]}}