{"id":59443,"date":"2026-01-25T13:57:02","date_gmt":"2026-01-25T19:57:02","guid":{"rendered":"https:\/\/labestiapolitica.com.mx\/?p=59443"},"modified":"2026-01-25T13:57:02","modified_gmt":"2026-01-25T19:57:02","slug":"cubrebocas-e-higiene-claves-para-frenar-el-sarampion-sesa","status":"publish","type":"post","link":"https:\/\/labestiapolitica.com.mx\/?p=59443","title":{"rendered":"Cubrebocas e higiene, claves para frenar el sarampi\u00f3n: SESA"},"content":{"rendered":"<blockquote>\n<p style=\"text-align: justify;\">Fiebre, tos, conjuntivitis o erupciones cut\u00e1neas requieren atenci\u00f3n m\u00e9dica inmediata y aislamiento.<\/p>\n<\/blockquote>\n<p style=\"text-align: justify;\">El uso correcto de mascarilla, el lavado frecuente de manos y el seguimiento de las recomendaciones sanitarias reducen dr\u00e1sticamente la posibilidad de contraer sarampi\u00f3n en el estado, asegur\u00f3 el Secretario de Salud, Rigoberto Zamudio Meneses. Destac\u00f3 que contin\u00faa vigente la campa\u00f1a de vacunaci\u00f3n para ni\u00f1os de seis meses a seis a\u00f1os de edad.<\/p>\n<p style=\"text-align: justify;\">Zamudio Meneses detall\u00f3 que, ante s\u00edntomas respiratorios, es esencial aplicar medidas b\u00e1sicas de protecci\u00f3n: utilizar para cubrebocas, lavarse las manos constantemente con agua y jab\u00f3n o gel antibacterial al 70%, evitar tocarse la cara y conservar una distancia m\u00ednima de 1.5 metros en interiores.<\/p>\n<p style=\"text-align: justify;\">Tambi\u00e9n pidi\u00f3 evitar el contacto con personas enfermas, no compartir art\u00edculos de uso personal y cubrirse con el antebrazo al toser o estornudar, desechando adecuadamente los pa\u00f1uelos usados. Adem\u00e1s, enfatiz\u00f3 la desinfecci\u00f3n regular de superficies de contacto com\u00fan.<\/p>\n<p style=\"text-align: justify;\">El titular de la Sesa se\u00f1al\u00f3 que, si se presenta fiebre, conjuntivitis, secreci\u00f3n nasal, inflamaci\u00f3n, tos o brotes en la piel, es urgente recibir atenci\u00f3n m\u00e9dica y guardar reposo en casa para cortar la cadena de contagios.<\/p>\n<p style=\"text-align: justify;\">Finalmente, record\u00f3 que solo el personal de salud est\u00e1 facultado para dar un diagn\u00f3stico confiable y sugiri\u00f3, como refuerzo preventivo en menores de seis meses, la administraci\u00f3n de dosis adicionales de vitamina A, disponibles de forma segura en el mercado.<\/p>\n<p><img loading=\"lazy\" decoding=\"async\" class=\"alignnone size-full wp-image-59445\" src=\"https:\/\/labestiapolitica.com.mx\/wp-content\/uploads\/2026\/01\/73ecdd93-d407-4d7e-b091-e61c5ced5c7e.jpeg\" alt=\"\" width=\"1024\" height=\"1280\" srcset=\"https:\/\/labestiapolitica.com.mx\/wp-content\/uploads\/2026\/01\/73ecdd93-d407-4d7e-b091-e61c5ced5c7e.jpeg 1024w, https:\/\/labestiapolitica.com.mx\/wp-content\/uploads\/2026\/01\/73ecdd93-d407-4d7e-b091-e61c5ced5c7e-240x300.jpeg 240w, https:\/\/labestiapolitica.com.mx\/wp-content\/uploads\/2026\/01\/73ecdd93-d407-4d7e-b091-e61c5ced5c7e-819x1024.jpeg 819w, https:\/\/labestiapolitica.com.mx\/wp-content\/uploads\/2026\/01\/73ecdd93-d407-4d7e-b091-e61c5ced5c7e-768x960.jpeg 768w\" sizes=\"auto, (max-width: 1024px) 100vw, 1024px\" \/> <img loading=\"lazy\" decoding=\"async\" class=\"alignnone size-full wp-image-59446\" src=\"https:\/\/labestiapolitica.com.mx\/wp-content\/uploads\/2026\/01\/13fce772-c2cc-4ee9-8863-a2fffcf1090b.jpeg\" alt=\"\" width=\"1024\" height=\"1280\" srcset=\"https:\/\/labestiapolitica.com.mx\/wp-content\/uploads\/2026\/01\/13fce772-c2cc-4ee9-8863-a2fffcf1090b.jpeg 1024w, https:\/\/labestiapolitica.com.mx\/wp-content\/uploads\/2026\/01\/13fce772-c2cc-4ee9-8863-a2fffcf1090b-240x300.jpeg 240w, https:\/\/labestiapolitica.com.mx\/wp-content\/uploads\/2026\/01\/13fce772-c2cc-4ee9-8863-a2fffcf1090b-819x1024.jpeg 819w, https:\/\/labestiapolitica.com.mx\/wp-content\/uploads\/2026\/01\/13fce772-c2cc-4ee9-8863-a2fffcf1090b-768x960.jpeg 768w\" sizes=\"auto, (max-width: 1024px) 100vw, 1024px\" \/><\/p>\n","protected":false},"excerpt":{"rendered":"<p>Fiebre, tos, conjuntivitis o erupciones cut\u00e1neas requieren atenci\u00f3n m\u00e9dica inmediata y aislamiento. El uso correcto de mascarilla, el lavado frecuente de manos y el seguimiento de las recomendaciones sanitarias reducen dr\u00e1sticamente la posibilidad de contraer sarampi\u00f3n en el estado, asegur\u00f3 el Secretario de Salud, Rigoberto Zamudio Meneses. Destac\u00f3 que contin\u00faa vigente la campa\u00f1a de vacunaci\u00f3n [&hellip;]<\/p>\n","protected":false},"author":3,"featured_media":59444,"comment_status":"open","ping_status":"open","sticky":false,"template":"","format":"standard","meta":{"footnotes":""},"categories":[3,236],"tags":[],"class_list":["post-59443","post","type-post","status-publish","format-standard","has-post-thumbnail","hentry","category-8-columnas","category-gobierno-de-tlaxcala"],"amp_enabled":true,"_links":{"self":[{"href":"https:\/\/labestiapolitica.com.mx\/index.php?rest_route=\/wp\/v2\/posts\/59443","targetHints":{"allow":["GET"]}}],"collection":[{"href":"https:\/\/labestiapolitica.com.mx\/index.php?rest_route=\/wp\/v2\/posts"}],"about":[{"href":"https:\/\/labestiapolitica.com.mx\/index.php?rest_route=\/wp\/v2\/types\/post"}],"author":[{"embeddable":true,"href":"https:\/\/labestiapolitica.com.mx\/index.php?rest_route=\/wp\/v2\/users\/3"}],"replies":[{"embeddable":true,"href":"https:\/\/labestiapolitica.com.mx\/index.php?rest_route=%2Fwp%2Fv2%2Fcomments&post=59443"}],"version-history":[{"count":1,"href":"https:\/\/labestiapolitica.com.mx\/index.php?rest_route=\/wp\/v2\/posts\/59443\/revisions"}],"predecessor-version":[{"id":59447,"href":"https:\/\/labestiapolitica.com.mx\/index.php?rest_route=\/wp\/v2\/posts\/59443\/revisions\/59447"}],"wp:featuredmedia":[{"embeddable":true,"href":"https:\/\/labestiapolitica.com.mx\/index.php?rest_route=\/wp\/v2\/media\/59444"}],"wp:attachment":[{"href":"https:\/\/labestiapolitica.com.mx\/index.php?rest_route=%2Fwp%2Fv2%2Fmedia&parent=59443"}],"wp:term":[{"taxonomy":"category","embeddable":true,"href":"https:\/\/labestiapolitica.com.mx\/index.php?rest_route=%2Fwp%2Fv2%2Fcategories&post=59443"},{"taxonomy":"post_tag","embeddable":true,"href":"https:\/\/labestiapolitica.com.mx\/index.php?rest_route=%2Fwp%2Fv2%2Ftags&post=59443"}],"curies":[{"name":"wp","href":"https:\/\/api.w.org\/{rel}","templated":true}]}}