{"id":59468,"date":"2026-01-26T09:27:43","date_gmt":"2026-01-26T15:27:43","guid":{"rendered":"https:\/\/labestiapolitica.com.mx\/?p=59468"},"modified":"2026-01-26T09:27:43","modified_gmt":"2026-01-26T15:27:43","slug":"impulsara-tlaxcala-capital-un-gobierno-municipalista-nacional-impulsado-por-morena","status":"publish","type":"post","link":"https:\/\/labestiapolitica.com.mx\/?p=59468","title":{"rendered":"Impulsar\u00e1 Tlaxcala capital un gobierno Municipalista Nacional impulsado por Morena"},"content":{"rendered":"<blockquote>\n<p class=\"p1\" style=\"text-align: justify;\">Seguridad, gesti\u00f3n eficiente de residuos, y austeridad republicana forman parte de la agenda<\/p>\n<\/blockquote>\n<p class=\"p1\" style=\"text-align: justify;\"><span class=\"s1\">Ana S\u00e1nchez\/\/ El presidente municipal de Tlaxcala, Alfonso S\u00e1nchez Garc\u00eda, detall\u00f3 los alcances de su participaci\u00f3n en la Escuela Municipalista Nacional convocada por Morena en Oaxtepec, Morelos, durante el fin de semana, en la que participaron alrededor de 100 alcaldes de todo el pa\u00eds.<\/span><\/p>\n<p class=\"p1\" style=\"text-align: justify;\"><span class=\"s1\">En conferencia de prensa, el edil explic\u00f3 que el objetivo principal de la capacitaci\u00f3n fue fortalecer las capacidades de los gobiernos locales en temas prioritarios para la administraci\u00f3n p\u00fablica municipal. <\/span><\/p>\n<p class=\"p1\" style=\"text-align: justify;\"><span class=\"s1\">Entre los asistentes, sumaban representaci\u00f3n para aproximadamente 35 millones de ciudadanos.<\/span><\/p>\n<p class=\"p1\" style=\"text-align: justify;\"><span class=\"s1\">S\u00e1nchez Garc\u00eda enumer\u00f3 las conferencias y talleres a los que asisti\u00f3, entre los que destacan:<\/span><\/p>\n<p class=\"p1\" style=\"text-align: justify;\"><span class=\"s1\">Pol\u00edticas p\u00fablicas transformadoras para municipios, impartida por la Jefa de Gobierno de la Ciudad de M\u00e9xico; programas y fondos del bienestar, a cargo de la Secretar\u00eda del Bienestar; Coordinaci\u00f3n intermunicipal y con el gobierno federal para garantizar la paz y seguridad; as\u00ed como fondos federales para seguridad p\u00fablica; Coordinaci\u00f3n con la Conagua para el acceso a programas y mecanismos de apoyo; Acceso al financiamiento responsable para el desarrollo, tema expuesto por la Unidad de Financiamiento de la SHCP; Gobernar con eficacia y honestidad: austeridad republicana, presentada por un representante de la Secretar\u00eda de Hacienda.<\/span><\/p>\n<p class=\"p1\" style=\"text-align: justify;\"><span class=\"s1\">El alcalde se\u00f1al\u00f3 que muchos de los temas abordados, como la austeridad republicana,<span class=\"Apple-converted-space\">\u00a0 <\/span>la gesti\u00f3n eficiente de residuos y la seguridad, ya forman parte de la agenda de su administraci\u00f3n, \u00abestamos contentos porque, de entrada, ya venimos manejando desde el principio varios de estos lineamientos\u00bb, afirm\u00f3.<\/span><\/p>\n<p class=\"p1\" style=\"text-align: justify;\"><span class=\"s1\">Sin embargo, descart\u00f3, por el momento, la opci\u00f3n de solicitar cr\u00e9ditos para el municipio, argumentando que las tasas de inter\u00e9s y el corto tiempo restante de su gesti\u00f3n \u2013la mitad del trienio\u2013 no lo hacen viable,<span class=\"Apple-converted-space\">\u00a0 <\/span>\u00abpreferimos una buena administraci\u00f3n y programaci\u00f3n de los recursos que nos llegan\u00bb, sostuvo.<\/span><\/p>\n<p class=\"p1\" style=\"text-align: justify;\"><span class=\"s1\">Sobre \u00e1reas de oportunidad, S\u00e1nchez Garc\u00eda mencion\u00f3, en materia de seguridad: el inter\u00e9s por explorar tecnolog\u00edas como drones y reconocimiento facial, siguiendo el ejemplo de otra ciudad, y afirm\u00f3 que ya existe una partida presupuestal destinada que podr\u00eda ajustarse para estas adquisiciones.<\/span><\/p>\n<p class=\"p1\" style=\"text-align: justify;\"><span class=\"s1\">En alumbrado P\u00fablico: En coordinaci\u00f3n con el gobierno estatal, se trabaja en un proyecto para ampliar la red con al menos 3,000 luminarias m\u00e1s, luego de haber dado mantenimiento o cambiado 4,000 de las 17,000 existente; en Pavimentaci\u00f3n: Se enfocar\u00e1n en la repavimentaci\u00f3n de calles, priorizando unas 2,000 que lo requieren, en lugar de iniciar nuevas obras.<\/span><\/p>\n<p class=\"p1\" style=\"text-align: justify;\"><span class=\"s1\">Finalmente al ser cuestionado sobre la consulta de revocaci\u00f3n de mandato que se llevar\u00e1 a cabo en Oaxaca, el presidente municipal se declar\u00f3 a favor de este mecanismo, \u00absi no estamos haciendo bien el trabajo, \u00bfpor qu\u00e9 vamos a seguir el periodo completo? [\u2026] eso nos obliga a tener un buen desempe\u00f1o\u00bb, expres\u00f3, recordando que en Tlaxcala este instrumento aplicar\u00e1 a partir de la pr\u00f3xima administraci\u00f3n.<\/span><\/p>\n","protected":false},"excerpt":{"rendered":"<p>Seguridad, gesti\u00f3n eficiente de residuos, y austeridad republicana forman parte de la agenda Ana S\u00e1nchez\/\/ El presidente municipal de Tlaxcala, Alfonso S\u00e1nchez Garc\u00eda, detall\u00f3 los alcances de su participaci\u00f3n en la Escuela Municipalista Nacional convocada por Morena en Oaxtepec, Morelos, durante el fin de semana, en la que participaron alrededor de 100 alcaldes de todo [&hellip;]<\/p>\n","protected":false},"author":3,"featured_media":59469,"comment_status":"open","ping_status":"open","sticky":false,"template":"","format":"standard","meta":{"footnotes":""},"categories":[3,216,214],"tags":[],"class_list":["post-59468","post","type-post","status-publish","format-standard","has-post-thumbnail","hentry","category-8-columnas","category-municipios","category-tlaxcala-capital"],"amp_enabled":true,"_links":{"self":[{"href":"https:\/\/labestiapolitica.com.mx\/index.php?rest_route=\/wp\/v2\/posts\/59468","targetHints":{"allow":["GET"]}}],"collection":[{"href":"https:\/\/labestiapolitica.com.mx\/index.php?rest_route=\/wp\/v2\/posts"}],"about":[{"href":"https:\/\/labestiapolitica.com.mx\/index.php?rest_route=\/wp\/v2\/types\/post"}],"author":[{"embeddable":true,"href":"https:\/\/labestiapolitica.com.mx\/index.php?rest_route=\/wp\/v2\/users\/3"}],"replies":[{"embeddable":true,"href":"https:\/\/labestiapolitica.com.mx\/index.php?rest_route=%2Fwp%2Fv2%2Fcomments&post=59468"}],"version-history":[{"count":1,"href":"https:\/\/labestiapolitica.com.mx\/index.php?rest_route=\/wp\/v2\/posts\/59468\/revisions"}],"predecessor-version":[{"id":59470,"href":"https:\/\/labestiapolitica.com.mx\/index.php?rest_route=\/wp\/v2\/posts\/59468\/revisions\/59470"}],"wp:featuredmedia":[{"embeddable":true,"href":"https:\/\/labestiapolitica.com.mx\/index.php?rest_route=\/wp\/v2\/media\/59469"}],"wp:attachment":[{"href":"https:\/\/labestiapolitica.com.mx\/index.php?rest_route=%2Fwp%2Fv2%2Fmedia&parent=59468"}],"wp:term":[{"taxonomy":"category","embeddable":true,"href":"https:\/\/labestiapolitica.com.mx\/index.php?rest_route=%2Fwp%2Fv2%2Fcategories&post=59468"},{"taxonomy":"post_tag","embeddable":true,"href":"https:\/\/labestiapolitica.com.mx\/index.php?rest_route=%2Fwp%2Fv2%2Ftags&post=59468"}],"curies":[{"name":"wp","href":"https:\/\/api.w.org\/{rel}","templated":true}]}}