{"id":59474,"date":"2026-01-26T12:01:32","date_gmt":"2026-01-26T18:01:32","guid":{"rendered":"https:\/\/labestiapolitica.com.mx\/?p=59474"},"modified":"2026-01-26T18:26:10","modified_gmt":"2026-01-27T00:26:10","slug":"niega-vazquez-conchas-revanchismo-en-contra-de-la-familia-cuellar","status":"publish","type":"post","link":"https:\/\/labestiapolitica.com.mx\/?p=59474","title":{"rendered":"Niega V\u00e1zquez Conchas revanchismo en contra de la familia Cu\u00e9llar"},"content":{"rendered":"<blockquote>\n<p style=\"text-align: justify;\">* Acusa Diputado Federal por Tlaxcala de Actos Anticipados de Campa\u00f1a y Desv\u00edo de Recursos<\/p>\n<\/blockquote>\n<p style=\"text-align: justify;\">Mariana LOVERA\/\/ El diputado federal por Tlaxcala, Raymundo V\u00e1zquez Conchas, denunci\u00f3 en rueda de prensa la presunta realizaci\u00f3n de actos anticipados de campa\u00f1a y el desv\u00edo de recursos por parte del Gobierno del estado y de la dirigencia estatal de Morena, a favor \u00a0de quien se\u00f1al\u00f3 como el \u00abdelf\u00edn\u00bb pol\u00edtico de la actual administraci\u00f3n, de quien no dijo su nombre, pero se sabe es Alfonso S\u00e1nchez Garc\u00eda, presidente municipal de la capital.<\/p>\n<p style=\"text-align: justify;\">V\u00e1zquez Conchas alert\u00f3 sobre un regreso a pr\u00e1cticas del pasado, donde, seg\u00fan su testimonio, se estar\u00eda condicionando y presionando a la sociedad a trav\u00e9s de dependencias gubernamentales para generar estructuras de apoyo adelantadas a un proyecto pol\u00edtico.<\/p>\n<p style=\"text-align: justify;\">En su declaraci\u00f3n, el legislador federal afirm\u00f3: \u00abEn cada uno de los eventos que he tenido&#8230; me han hecho saber que todo parece indicar que regresamos a los tiempos de antes, donde se presionaba, donde se ha roto la libertad de nuestra sociedad\u00bb.<\/p>\n<p style=\"text-align: justify;\">Asegur\u00f3 que tanto comunidades como profesionistas le han manifestado que \u00abest\u00e1 siendo violentada la libertad de nuestro estado\u00bb, y detall\u00f3: \u00abEn cada uno de estos lugares donde trabajan, que est\u00e1n siendo presionados para que creen una estructura y que est\u00e1n siendo presionados para que operen y apoyen a un personaje y si no lo hacen que ser\u00e1n despedidos. Est\u00e1n siendo condicionados y amenazados\u00bb.<\/p>\n<p style=\"text-align: justify;\">El diputado hizo \u00e9nfasis en que su postura no es una descalificaci\u00f3n, sino un eco de la inconformidad ciudadana. \u00abYo no vengo a descalificar a nadie, vengo a generar el sentimiento y el eco de la voz de nuestro pueblo\u00bb, expres\u00f3.<\/p>\n<p style=\"text-align: justify;\">Adem\u00e1s, vincul\u00f3 estas pr\u00e1cticas con una falta de respeto a las autoridades nacionales, mencionando espec\u00edficamente a la Presidenta de la Rep\u00fablica, Claudia Sheinbaum Pardo, y a la dirigente nacional de Morena, Luisa Maria Alcald, quienes, seg\u00fan \u00e9l, han pedido unidad con respeto y dignidad.<\/p>\n<p style=\"text-align: justify;\">V\u00e1zquez Conchas rechaz\u00f3 que sus se\u00f1alamientos tuvieran un motivo de venganza pol\u00edtica o \u00abrevanchismo\u00bb hacia la actual gobernadora, Lorena Cu\u00e9llar Cisneros, o su familia, de la que form\u00f3 parte en el pasado. \u00abYo siempre estar\u00e9 agradecido con esa familia&#8230; Pero no generando este tipo de pr\u00e1cticas\u00bb, aclar\u00f3.<\/p>\n<p style=\"text-align: justify;\">El n\u00facleo de su mensaje fue una advertencia contra el retroceso: \u00abQue no se vuelva una dictadura, que no se vuelva una esclavitud donde se est\u00e9 cortando la libertad y el deseo que tiene nuestro pueblo\u00bb. Subray\u00f3 la necesidad de dignificar la libertad y no regresar a un \u00abpasado de corrupci\u00f3n\u00bb.<\/p>\n<p style=\"text-align: justify;\">Agreg\u00f3 que en caso de continuar con estos actos, se har\u00e1n las denuncias ante las autoridades competentes.<\/p>\n<p>&nbsp;<\/p>\n","protected":false},"excerpt":{"rendered":"<p>* Acusa Diputado Federal por Tlaxcala de Actos Anticipados de Campa\u00f1a y Desv\u00edo de Recursos Mariana LOVERA\/\/ El diputado federal por Tlaxcala, Raymundo V\u00e1zquez Conchas, denunci\u00f3 en rueda de prensa la presunta realizaci\u00f3n de actos anticipados de campa\u00f1a y el desv\u00edo de recursos por parte del Gobierno del estado y de la dirigencia estatal de [&hellip;]<\/p>\n","protected":false},"author":6,"featured_media":59475,"comment_status":"open","ping_status":"open","sticky":false,"template":"","format":"standard","meta":{"footnotes":""},"categories":[3,7,247],"tags":[],"class_list":["post-59474","post","type-post","status-publish","format-standard","has-post-thumbnail","hentry","category-8-columnas","category-ciudadanos","category-politica"],"amp_enabled":true,"_links":{"self":[{"href":"https:\/\/labestiapolitica.com.mx\/index.php?rest_route=\/wp\/v2\/posts\/59474","targetHints":{"allow":["GET"]}}],"collection":[{"href":"https:\/\/labestiapolitica.com.mx\/index.php?rest_route=\/wp\/v2\/posts"}],"about":[{"href":"https:\/\/labestiapolitica.com.mx\/index.php?rest_route=\/wp\/v2\/types\/post"}],"author":[{"embeddable":true,"href":"https:\/\/labestiapolitica.com.mx\/index.php?rest_route=\/wp\/v2\/users\/6"}],"replies":[{"embeddable":true,"href":"https:\/\/labestiapolitica.com.mx\/index.php?rest_route=%2Fwp%2Fv2%2Fcomments&post=59474"}],"version-history":[{"count":3,"href":"https:\/\/labestiapolitica.com.mx\/index.php?rest_route=\/wp\/v2\/posts\/59474\/revisions"}],"predecessor-version":[{"id":59606,"href":"https:\/\/labestiapolitica.com.mx\/index.php?rest_route=\/wp\/v2\/posts\/59474\/revisions\/59606"}],"wp:featuredmedia":[{"embeddable":true,"href":"https:\/\/labestiapolitica.com.mx\/index.php?rest_route=\/wp\/v2\/media\/59475"}],"wp:attachment":[{"href":"https:\/\/labestiapolitica.com.mx\/index.php?rest_route=%2Fwp%2Fv2%2Fmedia&parent=59474"}],"wp:term":[{"taxonomy":"category","embeddable":true,"href":"https:\/\/labestiapolitica.com.mx\/index.php?rest_route=%2Fwp%2Fv2%2Fcategories&post=59474"},{"taxonomy":"post_tag","embeddable":true,"href":"https:\/\/labestiapolitica.com.mx\/index.php?rest_route=%2Fwp%2Fv2%2Ftags&post=59474"}],"curies":[{"name":"wp","href":"https:\/\/api.w.org\/{rel}","templated":true}]}}