{"id":59496,"date":"2026-01-26T12:34:51","date_gmt":"2026-01-26T18:34:51","guid":{"rendered":"https:\/\/labestiapolitica.com.mx\/?p=59496"},"modified":"2026-01-26T12:38:39","modified_gmt":"2026-01-26T18:38:39","slug":"percepcion-vs-realidad-gobierno-identifica-su-principal-reto-en-seguridad","status":"publish","type":"post","link":"https:\/\/labestiapolitica.com.mx\/?p=59496","title":{"rendered":"Percepci\u00f3n vs. realidad: Gobierno identifica su principal reto en seguridad"},"content":{"rendered":"<p class=\"p1\" style=\"text-align: justify;\">Ana S\u00e1nchez \/\/ El coordinador de Comunicaci\u00f3n Social del gobierno del estado, Antonio Mart\u00ednez Vel\u00e1zquez, reconoci\u00f3 un incremento en la percepci\u00f3n de inseguridad entre la poblaci\u00f3n tlaxcalteca y anunci\u00f3 que la administraci\u00f3n estatal implementa acciones espec\u00edficas derivadas del an\u00e1lisis de encuestas.<\/p>\n<p class=\"p1\" style=\"text-align: justify;\"><span class=\"s1\">Durante los Di\u00e1logos Circulares, Mart\u00ednez Vel\u00e1zquez abord\u00f3 dos temas cr\u00edticos: los hechos violentos ocurridos el fin de semana y los resultados de la Encuesta Nacional de Seguridad P\u00fablica Urbana (ENSU).<\/span><\/p>\n<p class=\"p1\" style=\"text-align: justify;\"><span class=\"s1\">Ante los \u00abhechos lamentables\u00bb registrados en una carrera clandestina de caballos con saldo fatal en Hueyotlipan y el incendio de un veh\u00edculo en una comunidad de Contla, el funcionario indic\u00f3 que las autoridades municipales, como primeros respondientes, deben asumir su responsabilidad, al tiempo que confirm\u00f3 que la Fiscal\u00eda General del Estado ya realiza las indagatorias correspondientes.<\/span><\/p>\n<p class=\"p1\" style=\"text-align: justify;\"><span class=\"s1\">Respecto a un presidente de comunidad de Contla a quien le incendiaron el veh\u00edculo,<span class=\"Apple-converted-space\">\u00a0 <\/span>Mart\u00ednez Vel\u00e1zquez inform\u00f3 que el secretario de Gobierno, ya se comunic\u00f3 con el alcalde para ofrecer acompa\u00f1amiento y protecci\u00f3n en caso de que el funcionario pudiera estar en riesgo.<\/span><\/p>\n<p class=\"p1\" style=\"text-align: justify;\"><span class=\"s1\">Al ser cuestionado sobre el dato de la ENSU que ubic\u00f3 a Tlaxcala con un 69.7% de percepci\u00f3n de inseguridad \u2013por encima de la media nacional (63.8%) y superior al 64.2% de diciembre de 2024\u2013, el coordinador realiz\u00f3 un an\u00e1lisis pormenorizado.<\/span><\/p>\n<p class=\"p1\" style=\"text-align: justify;\"><span class=\"s1\">\u00abEl aumento m\u00e1s grande se dio entre septiembre y diciembre de 2024. Ah\u00ed es donde se dispara\u00bb, explic\u00f3. No obstante, subray\u00f3 que, seg\u00fan las mediciones del instituto, a partir de marzo de 2025 la percepci\u00f3n se ha mantenido en un \u00abradio de entre 65 y 70%\u00bb en las tres \u00faltimas encuestas.<\/span><\/p>\n<p class=\"p1\" style=\"text-align: justify;\"><span class=\"s1\">Mart\u00ednez Vel\u00e1zquez atribuy\u00f3 esta brecha entre percepci\u00f3n y realidad a varios factores:<\/span><\/p>\n<p class=\"p1\" style=\"text-align: justify;\"><span class=\"s1\">1. Violencia m\u00e1s expuesta: Aunque los delitos son \u00abpocos\u00bb, reconoci\u00f3 que ahora son \u00abm\u00e1s violentos\u00bb y su difusi\u00f3n se amplifica por redes sociales.<\/span><\/p>\n<p class=\"p1\" style=\"text-align: justify;\"><span class=\"s1\">2. Sobreexposici\u00f3n a Noticias de Otras Entidades: Cit\u00f3 un estudio encargado a Buend\u00eda y M\u00e1rquez, donde el 40% de los encuestados afirm\u00f3 que su primera informaci\u00f3n sobre seguridad viene de redes sociales, y muchas veces se refiere a hechos ocurridos en otros estados.<\/span><\/p>\n<p class=\"p1\" style=\"text-align: justify;\"><span class=\"s1\">El coordinador puso como ejemplo eventos masivos recientes (conciertos, la feria, La Huamantlada, festividades de enero) que han concluido con \u00absaldo blanco\u00bb, a su decir, existe capacidad para salir con \u00abtranquilidad\u00bb.<\/span><\/p>\n<p class=\"p1\" style=\"text-align: justify;\"><span class=\"s1\">Mart\u00ednez Vel\u00e1zquez asegur\u00f3 que la gobernadora Lorena Cu\u00e9llar Cisneros no ignora los datos, sino que los usa para construir pol\u00edtica p\u00fablica, \u00abel reto m\u00e1s importante de este a\u00f1o ser\u00e1 cerrar la brecha entre la percepci\u00f3n de inseguridad y la realidad\u00bb, afirm\u00f3.<\/span><\/p>\n<p class=\"p1\" style=\"text-align: justify;\"><span class=\"s1\">Anunci\u00f3 que, con base en lo que revelan las encuestas, como el temor en paradas de autob\u00fas por la noche o en cajeros autom\u00e1ticos, se implementar\u00e1n acciones concretas:<\/span><\/p>\n<p class=\"p1\" style=\"text-align: justify;\"><span class=\"s1\"> Instalaci\u00f3n de luminarias y creaci\u00f3n de corredores seguros (en coordinaci\u00f3n con municipios), as\u00ed como programas de acompa\u00f1amiento por parte de la Secretar\u00eda de Seguridad Ciudadana para personas que realicen operaciones en cajeros autom\u00e1ticos con grandes cantidades de dinero o para quienes vayan a comprar un veh\u00edculo, con el fin de prevenir robos o fraudes.<\/span><\/p>\n","protected":false},"excerpt":{"rendered":"<p>Ana S\u00e1nchez \/\/ El coordinador de Comunicaci\u00f3n Social del gobierno del estado, Antonio Mart\u00ednez Vel\u00e1zquez, reconoci\u00f3 un incremento en la percepci\u00f3n de inseguridad entre la poblaci\u00f3n tlaxcalteca y anunci\u00f3 que la administraci\u00f3n estatal implementa acciones espec\u00edficas derivadas del an\u00e1lisis de encuestas. Durante los Di\u00e1logos Circulares, Mart\u00ednez Vel\u00e1zquez abord\u00f3 dos temas cr\u00edticos: los hechos violentos ocurridos [&hellip;]<\/p>\n","protected":false},"author":3,"featured_media":59498,"comment_status":"open","ping_status":"open","sticky":false,"template":"","format":"standard","meta":{"footnotes":""},"categories":[3,7,236],"tags":[],"class_list":["post-59496","post","type-post","status-publish","format-standard","has-post-thumbnail","hentry","category-8-columnas","category-ciudadanos","category-gobierno-de-tlaxcala"],"amp_enabled":true,"_links":{"self":[{"href":"https:\/\/labestiapolitica.com.mx\/index.php?rest_route=\/wp\/v2\/posts\/59496","targetHints":{"allow":["GET"]}}],"collection":[{"href":"https:\/\/labestiapolitica.com.mx\/index.php?rest_route=\/wp\/v2\/posts"}],"about":[{"href":"https:\/\/labestiapolitica.com.mx\/index.php?rest_route=\/wp\/v2\/types\/post"}],"author":[{"embeddable":true,"href":"https:\/\/labestiapolitica.com.mx\/index.php?rest_route=\/wp\/v2\/users\/3"}],"replies":[{"embeddable":true,"href":"https:\/\/labestiapolitica.com.mx\/index.php?rest_route=%2Fwp%2Fv2%2Fcomments&post=59496"}],"version-history":[{"count":1,"href":"https:\/\/labestiapolitica.com.mx\/index.php?rest_route=\/wp\/v2\/posts\/59496\/revisions"}],"predecessor-version":[{"id":59503,"href":"https:\/\/labestiapolitica.com.mx\/index.php?rest_route=\/wp\/v2\/posts\/59496\/revisions\/59503"}],"wp:featuredmedia":[{"embeddable":true,"href":"https:\/\/labestiapolitica.com.mx\/index.php?rest_route=\/wp\/v2\/media\/59498"}],"wp:attachment":[{"href":"https:\/\/labestiapolitica.com.mx\/index.php?rest_route=%2Fwp%2Fv2%2Fmedia&parent=59496"}],"wp:term":[{"taxonomy":"category","embeddable":true,"href":"https:\/\/labestiapolitica.com.mx\/index.php?rest_route=%2Fwp%2Fv2%2Fcategories&post=59496"},{"taxonomy":"post_tag","embeddable":true,"href":"https:\/\/labestiapolitica.com.mx\/index.php?rest_route=%2Fwp%2Fv2%2Ftags&post=59496"}],"curies":[{"name":"wp","href":"https:\/\/api.w.org\/{rel}","templated":true}]}}