{"id":59505,"date":"2026-01-26T12:37:08","date_gmt":"2026-01-26T18:37:08","guid":{"rendered":"https:\/\/labestiapolitica.com.mx\/?p=59505"},"modified":"2026-01-26T12:37:08","modified_gmt":"2026-01-26T18:37:08","slug":"%f0%9f%8e%a8%f0%9f%92%a7-murales-convierten-al-zahuapan-en-memoria-viva-y-llaman-al-cuidado-colectivo-del-agua-%f0%9f%8c%bf%f0%9f%8f%9e%ef%b8%8f","status":"publish","type":"post","link":"https:\/\/labestiapolitica.com.mx\/?p=59505","title":{"rendered":"\ud83c\udfa8\ud83d\udca7 Murales convierten al Zahuapan en memoria viva y llaman al cuidado colectivo del agua \ud83c\udf3f\ud83c\udfde\ufe0f"},"content":{"rendered":"<p style=\"text-align: justify;\" data-start=\"102\" data-end=\"407\">La <span class=\"hover:entity-accent entity-underline inline cursor-pointer align-baseline\"><span class=\"whitespace-normal\">Comisi\u00f3n Estatal de Agua y Saneamiento<\/span><\/span> (CEAS) encabez\u00f3 la inauguraci\u00f3n de cinco <em data-start=\"188\" data-end=\"206\">Murales del Agua<\/em>, un proyecto de arte urbano que resignifica el espacio p\u00fablico y promueve la memoria ambiental y la conciencia colectiva en torno al r\u00edo Zahuapan y los manantiales que a\u00fan sostienen vida en la regi\u00f3n.<\/p>\n<p style=\"text-align: justify;\" data-start=\"409\" data-end=\"740\">Las obras se localizan en la calle Colegio Militar y en los alrededores del Deportivo San Mart\u00edn, en <span class=\"hover:entity-accent entity-underline inline cursor-pointer align-baseline\"><span class=\"whitespace-normal\">Apizaco<\/span><\/span>, y conforman un recorrido simb\u00f3lico que invita a reflexionar sobre la urgencia de proteger el agua como patrimonio natural y social, as\u00ed como su papel esencial en el bienestar comunitario.<\/p>\n<p style=\"text-align: justify;\" data-start=\"784\" data-end=\"1179\">En la calle Colegio Militar se ubica \u201cMemoria del R\u00edo Zahuapan\u201d, de la artista Dani Bm, una obra que evoca un pasado reciente en el que el r\u00edo albergaba especies como ranas, carpas y mojarras. El mural recupera esa abundancia hoy amenazada por la contaminaci\u00f3n y destaca los vestigios de vida que a\u00fan persisten, como el manantial <em data-start=\"1118\" data-end=\"1128\">El Ojito<\/em>, presentado como s\u00edmbolo de resistencia ecol\u00f3gica.<\/p>\n<p style=\"text-align: justify;\" data-start=\"1181\" data-end=\"1493\">En ese mismo tramo se encuentra \u201cManantial\u201d, del artista Gerardosaurus, que transmite un mensaje de esperanza mediante la imagen de una ni\u00f1a junto a un barquito de papel. Rodeada de especies acu\u00e1ticas y terrestres, la obra subraya la fragilidad del ecosistema y, al mismo tiempo, su capacidad de resiliencia.<\/p>\n<p style=\"text-align: justify;\" data-start=\"1495\" data-end=\"1860\">Al llegar al lateral del Deportivo San Mart\u00edn, \u201cAgua, esencia que nos une\u201d, de Doner Wan, plantea una met\u00e1fora sobre la relaci\u00f3n entre naturaleza y ser humano. La figura de una mujer como Madre Tierra, acompa\u00f1ada por una garza, un ajolote, peces y cangrejos, alude a la biodiversidad que depende del agua y refuerza el llamado a su cuidado como recurso sagrado.<\/p>\n<p style=\"text-align: justify;\" data-start=\"1862\" data-end=\"2221\">Frente al complejo deportivo, \u201cAl final del d\u00eda un derecho, una bendici\u00f3n\u201d, de la artista Lied, centra la atenci\u00f3n en el acceso cotidiano al agua. La escena recuerda que el agua es un derecho humano fundamental y rinde homenaje al trabajo \u2014muchas veces invisible\u2014 de ingenieras, t\u00e9cnicas y personal que hacen posible que este recurso llegue a los hogares.<\/p>\n<p style=\"text-align: justify;\" data-start=\"2223\" data-end=\"2517\">El recorrido concluye en el otro lateral del Deportivo San Mart\u00edn con \u201cEl Ojito, ra\u00edz de vida\u201d, de Ceci Mac\u00edas, obra dedicada al manantial <em data-start=\"2366\" data-end=\"2376\">El Ojito<\/em>, un ecosistema que alberga especies \u00fanicas como charales, acociles, cangrejos y ajolotes, y que representa un tesoro natural para la regi\u00f3n.<\/p>\n<p style=\"text-align: justify;\" data-start=\"2519\" data-end=\"2984\">Al respecto, el titular de la CEAS, <span class=\"hover:entity-accent entity-underline inline cursor-pointer align-baseline\"><span class=\"whitespace-normal\">Israel Tob\u00f3n Solano<\/span><\/span>, destac\u00f3 que estas expresiones art\u00edsticas fortalecen la conciencia social sobre el valor del agua. \u201cEl cuidado del recurso h\u00eddrico no solo pasa por la infraestructura y las acciones t\u00e9cnicas, sino tambi\u00e9n por la memoria, la educaci\u00f3n y la participaci\u00f3n ciudadana. Estos murales nos recuerdan que el agua es vida, identidad y un derecho que debemos proteger de manera colectiva\u201d, subray\u00f3.<\/p>\n<p style=\"text-align: justify;\" data-start=\"2986\" data-end=\"3283\"><em data-start=\"2986\" data-end=\"3007\">Murales por el Agua<\/em> es una iniciativa desarrollada en coordinaci\u00f3n con la <span class=\"hover:entity-accent entity-underline inline cursor-pointer align-baseline\"><span class=\"whitespace-normal\">Comisi\u00f3n Nacional del Agua<\/span><\/span> (CONAGUA) y la empresa <span class=\"hover:entity-accent entity-underline inline cursor-pointer align-baseline\"><span class=\"whitespace-normal\">COMEX<\/span><\/span>, que busca resaltar la relaci\u00f3n de la comunidad con su entorno h\u00eddrico y promover una cultura de cuidado del agua.<\/p>\n<p style=\"text-align: justify;\" data-start=\"3285\" data-end=\"3589\" data-is-last-node=\"\" data-is-only-node=\"\">Durante el acto, con la asistencia de autoridades municipales y estatales, se enfatiz\u00f3 que estas expresiones visuales sensibilizan a la poblaci\u00f3n sobre el uso responsable del recurso, contribuyen a la apropiaci\u00f3n social del espacio p\u00fablico y fortalecen el v\u00ednculo entre arte, medio ambiente y ciudadan\u00eda.<\/p>\n<p data-start=\"3285\" data-end=\"3589\" data-is-last-node=\"\" data-is-only-node=\"\"><img loading=\"lazy\" decoding=\"async\" class=\"alignnone size-full wp-image-59507\" src=\"https:\/\/labestiapolitica.com.mx\/wp-content\/uploads\/2026\/01\/WhatsApp-Image-2026-01-26-at-11.32.34-AM-1.jpeg\" alt=\"\" width=\"1280\" height=\"597\" srcset=\"https:\/\/labestiapolitica.com.mx\/wp-content\/uploads\/2026\/01\/WhatsApp-Image-2026-01-26-at-11.32.34-AM-1.jpeg 1280w, https:\/\/labestiapolitica.com.mx\/wp-content\/uploads\/2026\/01\/WhatsApp-Image-2026-01-26-at-11.32.34-AM-1-300x140.jpeg 300w, https:\/\/labestiapolitica.com.mx\/wp-content\/uploads\/2026\/01\/WhatsApp-Image-2026-01-26-at-11.32.34-AM-1-1024x478.jpeg 1024w, https:\/\/labestiapolitica.com.mx\/wp-content\/uploads\/2026\/01\/WhatsApp-Image-2026-01-26-at-11.32.34-AM-1-768x358.jpeg 768w\" sizes=\"auto, (max-width: 1280px) 100vw, 1280px\" \/> <img loading=\"lazy\" decoding=\"async\" class=\"alignnone size-full wp-image-59508\" src=\"https:\/\/labestiapolitica.com.mx\/wp-content\/uploads\/2026\/01\/WhatsApp-Image-2026-01-26-at-11.32.34-AM.jpeg\" alt=\"\" width=\"1280\" height=\"597\" srcset=\"https:\/\/labestiapolitica.com.mx\/wp-content\/uploads\/2026\/01\/WhatsApp-Image-2026-01-26-at-11.32.34-AM.jpeg 1280w, https:\/\/labestiapolitica.com.mx\/wp-content\/uploads\/2026\/01\/WhatsApp-Image-2026-01-26-at-11.32.34-AM-300x140.jpeg 300w, https:\/\/labestiapolitica.com.mx\/wp-content\/uploads\/2026\/01\/WhatsApp-Image-2026-01-26-at-11.32.34-AM-1024x478.jpeg 1024w, https:\/\/labestiapolitica.com.mx\/wp-content\/uploads\/2026\/01\/WhatsApp-Image-2026-01-26-at-11.32.34-AM-768x358.jpeg 768w\" sizes=\"auto, (max-width: 1280px) 100vw, 1280px\" \/> <img loading=\"lazy\" decoding=\"async\" class=\"alignnone size-full wp-image-59509\" src=\"https:\/\/labestiapolitica.com.mx\/wp-content\/uploads\/2026\/01\/WhatsApp-Image-2026-01-26-at-11.32.33-AM.jpeg\" alt=\"\" width=\"1280\" height=\"597\" srcset=\"https:\/\/labestiapolitica.com.mx\/wp-content\/uploads\/2026\/01\/WhatsApp-Image-2026-01-26-at-11.32.33-AM.jpeg 1280w, https:\/\/labestiapolitica.com.mx\/wp-content\/uploads\/2026\/01\/WhatsApp-Image-2026-01-26-at-11.32.33-AM-300x140.jpeg 300w, https:\/\/labestiapolitica.com.mx\/wp-content\/uploads\/2026\/01\/WhatsApp-Image-2026-01-26-at-11.32.33-AM-1024x478.jpeg 1024w, https:\/\/labestiapolitica.com.mx\/wp-content\/uploads\/2026\/01\/WhatsApp-Image-2026-01-26-at-11.32.33-AM-768x358.jpeg 768w\" sizes=\"auto, (max-width: 1280px) 100vw, 1280px\" \/> <img loading=\"lazy\" decoding=\"async\" class=\"alignnone size-full wp-image-59510\" src=\"https:\/\/labestiapolitica.com.mx\/wp-content\/uploads\/2026\/01\/WhatsApp-Image-2026-01-26-at-11.32.13-AM.jpeg\" alt=\"\" width=\"1280\" height=\"597\" srcset=\"https:\/\/labestiapolitica.com.mx\/wp-content\/uploads\/2026\/01\/WhatsApp-Image-2026-01-26-at-11.32.13-AM.jpeg 1280w, https:\/\/labestiapolitica.com.mx\/wp-content\/uploads\/2026\/01\/WhatsApp-Image-2026-01-26-at-11.32.13-AM-300x140.jpeg 300w, https:\/\/labestiapolitica.com.mx\/wp-content\/uploads\/2026\/01\/WhatsApp-Image-2026-01-26-at-11.32.13-AM-1024x478.jpeg 1024w, https:\/\/labestiapolitica.com.mx\/wp-content\/uploads\/2026\/01\/WhatsApp-Image-2026-01-26-at-11.32.13-AM-768x358.jpeg 768w\" sizes=\"auto, (max-width: 1280px) 100vw, 1280px\" \/><\/p>\n","protected":false},"excerpt":{"rendered":"<p>La Comisi\u00f3n Estatal de Agua y Saneamiento (CEAS) encabez\u00f3 la inauguraci\u00f3n de cinco Murales del Agua, un proyecto de arte urbano que resignifica el espacio p\u00fablico y promueve la memoria ambiental y la conciencia colectiva en torno al r\u00edo Zahuapan y los manantiales que a\u00fan sostienen vida en la regi\u00f3n. Las obras se localizan en [&hellip;]<\/p>\n","protected":false},"author":3,"featured_media":59506,"comment_status":"open","ping_status":"open","sticky":false,"template":"","format":"standard","meta":{"footnotes":""},"categories":[236],"tags":[],"class_list":["post-59505","post","type-post","status-publish","format-standard","has-post-thumbnail","hentry","category-gobierno-de-tlaxcala"],"amp_enabled":true,"_links":{"self":[{"href":"https:\/\/labestiapolitica.com.mx\/index.php?rest_route=\/wp\/v2\/posts\/59505","targetHints":{"allow":["GET"]}}],"collection":[{"href":"https:\/\/labestiapolitica.com.mx\/index.php?rest_route=\/wp\/v2\/posts"}],"about":[{"href":"https:\/\/labestiapolitica.com.mx\/index.php?rest_route=\/wp\/v2\/types\/post"}],"author":[{"embeddable":true,"href":"https:\/\/labestiapolitica.com.mx\/index.php?rest_route=\/wp\/v2\/users\/3"}],"replies":[{"embeddable":true,"href":"https:\/\/labestiapolitica.com.mx\/index.php?rest_route=%2Fwp%2Fv2%2Fcomments&post=59505"}],"version-history":[{"count":1,"href":"https:\/\/labestiapolitica.com.mx\/index.php?rest_route=\/wp\/v2\/posts\/59505\/revisions"}],"predecessor-version":[{"id":59511,"href":"https:\/\/labestiapolitica.com.mx\/index.php?rest_route=\/wp\/v2\/posts\/59505\/revisions\/59511"}],"wp:featuredmedia":[{"embeddable":true,"href":"https:\/\/labestiapolitica.com.mx\/index.php?rest_route=\/wp\/v2\/media\/59506"}],"wp:attachment":[{"href":"https:\/\/labestiapolitica.com.mx\/index.php?rest_route=%2Fwp%2Fv2%2Fmedia&parent=59505"}],"wp:term":[{"taxonomy":"category","embeddable":true,"href":"https:\/\/labestiapolitica.com.mx\/index.php?rest_route=%2Fwp%2Fv2%2Fcategories&post=59505"},{"taxonomy":"post_tag","embeddable":true,"href":"https:\/\/labestiapolitica.com.mx\/index.php?rest_route=%2Fwp%2Fv2%2Ftags&post=59505"}],"curies":[{"name":"wp","href":"https:\/\/api.w.org\/{rel}","templated":true}]}}