{"id":59519,"date":"2026-01-26T12:41:47","date_gmt":"2026-01-26T18:41:47","guid":{"rendered":"https:\/\/labestiapolitica.com.mx\/?p=59519"},"modified":"2026-01-26T12:41:47","modified_gmt":"2026-01-26T18:41:47","slug":"%f0%9f%92%bb%f0%9f%8e%a8-tlaxcala-abre-un-nuevo-espacio-para-impulsar-el-talento-creativo-digital-%f0%9f%9a%80%e2%9c%a8","status":"publish","type":"post","link":"https:\/\/labestiapolitica.com.mx\/?p=59519","title":{"rendered":"\ud83d\udcbb\ud83c\udfa8 Tlaxcala abre un nuevo espacio para impulsar el talento creativo digital \ud83d\ude80\u2728"},"content":{"rendered":"<p style=\"text-align: justify;\" data-start=\"87\" data-end=\"415\">Tlaxcala se posiciona como punto de partida de una nueva estrategia nacional para fortalecer la econom\u00eda creativa, con el lanzamiento del \u201cMercado Creativo Digital\u201d, un directorio p\u00fablico que busca generar mayores oportunidades laborales, colaboraci\u00f3n y visibilidad para personas creadoras, colectivos y empresas culturales.<\/p>\n<p style=\"text-align: justify;\" data-start=\"417\" data-end=\"712\">La iniciativa es impulsada por la <span class=\"hover:entity-accent entity-underline inline cursor-pointer align-baseline\"><span class=\"whitespace-normal\">Secretar\u00eda de Cultura<\/span><\/span>, a trav\u00e9s del <span class=\"hover:entity-accent entity-underline inline cursor-pointer align-baseline\"><span class=\"whitespace-normal\">Centro de Cultura Digital<\/span><\/span> (CCD) y <span class=\"hover:entity-accent entity-underline inline cursor-pointer align-baseline\"><span class=\"whitespace-normal\">La Colmena: Centro de Tecnolog\u00edas Creativas Grace Quintanilla<\/span><\/span>, en coordinaci\u00f3n con la <span class=\"hover:entity-accent entity-underline inline cursor-pointer align-baseline\"><span class=\"whitespace-normal\">Secretar\u00eda de Econom\u00eda<\/span><\/span> y la <span class=\"hover:entity-accent entity-underline inline cursor-pointer align-baseline\"><span class=\"whitespace-normal\">Secretar\u00eda de Cultura de Tlaxcala<\/span><\/span>.<\/p>\n<p style=\"text-align: justify;\" data-start=\"714\" data-end=\"1069\">El \u201cMercado Creativo Digital\u201d es una herramienta de registro y consulta dise\u00f1ada para facilitar el intercambio directo de saberes y servicios entre personas creadoras, colectivos y empresas, sin intermediarios, con el objetivo de fortalecer redes de trabajo, generar nuevas oportunidades profesionales y dinamizar el sector creativo en entornos digitales.<\/p>\n<p style=\"text-align: justify;\" data-start=\"1071\" data-end=\"1372\">Este proyecto surge de la necesidad de transformar los directorios tradicionales en espacios vivos de escucha activa, colaboraci\u00f3n y crecimiento colectivo, dirigidos a creadoras y creadores, agentes culturales y proyectos autogestivos, considerando la diversidad cultural, social y econ\u00f3mica del pa\u00eds.<\/p>\n<p style=\"text-align: justify;\" data-start=\"1374\" data-end=\"1730\">En su fase inicial, el directorio forma parte de un programa de investigaci\u00f3n sobre econom\u00edas creativas que el CCD desarrolla desde 2012, el cual ha contribuido con informaci\u00f3n clave para el dise\u00f1o de pol\u00edticas p\u00fablicas. La meta es consolidar una plataforma colaborativa, sostenible y gestionada por su propia comunidad, bajo un entorno seguro y accesible.<\/p>\n<p style=\"text-align: justify;\" data-start=\"1732\" data-end=\"2130\">A trav\u00e9s de este directorio, personas mayores de edad que formen parte de las industrias culturales y creativas podr\u00e1n crear un perfil para compartir su trabajo, disciplina, trayectoria y l\u00edneas de producci\u00f3n, adem\u00e1s de acceder a recursos de formaci\u00f3n, materiales especializados, herramientas y talleres. En esta primera etapa, los sectores convocados son Dise\u00f1o, Audiovisual y Entornos Inmersivos.<\/p>\n<p style=\"text-align: justify;\" data-start=\"2132\" data-end=\"2388\">El recorrido nacional del \u201cMercado Creativo Digital\u201d inicia en Tlaxcala, entidad sede de La Colmena como parte del CCD, en colaboraci\u00f3n con la Secretar\u00eda de Cultura estatal, lo que consolida al estado como un referente en innovaci\u00f3n cultural y tecnol\u00f3gica.<\/p>\n<p style=\"text-align: justify;\" data-start=\"2390\" data-end=\"2635\">La presentaci\u00f3n del directorio se realizar\u00e1 el jueves 29 de enero de 2026, de 12:00 a 14:00 horas, en el Lobby del Palacio de Cultura, ubicado en avenida Ju\u00e1rez n\u00famero 62, colonia Centro, y est\u00e1 abierta a personas creadoras y p\u00fablico interesado.<\/p>\n<p style=\"text-align: justify;\" data-start=\"2637\" data-end=\"2785\" data-is-last-node=\"\" data-is-only-node=\"\">El registro al directorio podr\u00e1 realizarse a trav\u00e9s de las plataformas oficiales:<br data-start=\"2718\" data-end=\"2721\" \/>\ud83d\udd17 mercadocreativo.sitiosccd.com.mx<br data-start=\"2756\" data-end=\"2759\" \/>\ud83d\udd17 centroculturadigital.mx<\/p>\n<p data-start=\"2637\" data-end=\"2785\" data-is-last-node=\"\" data-is-only-node=\"\"><img loading=\"lazy\" decoding=\"async\" class=\"alignnone size-full wp-image-59521\" src=\"https:\/\/labestiapolitica.com.mx\/wp-content\/uploads\/2026\/01\/WhatsApp-Image-2026-01-26-at-11.41.17-AM.jpeg\" alt=\"\" width=\"1280\" height=\"720\" srcset=\"https:\/\/labestiapolitica.com.mx\/wp-content\/uploads\/2026\/01\/WhatsApp-Image-2026-01-26-at-11.41.17-AM.jpeg 1280w, https:\/\/labestiapolitica.com.mx\/wp-content\/uploads\/2026\/01\/WhatsApp-Image-2026-01-26-at-11.41.17-AM-300x169.jpeg 300w, https:\/\/labestiapolitica.com.mx\/wp-content\/uploads\/2026\/01\/WhatsApp-Image-2026-01-26-at-11.41.17-AM-1024x576.jpeg 1024w, https:\/\/labestiapolitica.com.mx\/wp-content\/uploads\/2026\/01\/WhatsApp-Image-2026-01-26-at-11.41.17-AM-768x432.jpeg 768w\" sizes=\"auto, (max-width: 1280px) 100vw, 1280px\" \/><\/p>\n","protected":false},"excerpt":{"rendered":"<p>Tlaxcala se posiciona como punto de partida de una nueva estrategia nacional para fortalecer la econom\u00eda creativa, con el lanzamiento del \u201cMercado Creativo Digital\u201d, un directorio p\u00fablico que busca generar mayores oportunidades laborales, colaboraci\u00f3n y visibilidad para personas creadoras, colectivos y empresas culturales. La iniciativa es impulsada por la Secretar\u00eda de Cultura, a trav\u00e9s del [&hellip;]<\/p>\n","protected":false},"author":3,"featured_media":59520,"comment_status":"open","ping_status":"open","sticky":false,"template":"","format":"standard","meta":{"footnotes":""},"categories":[236],"tags":[],"class_list":["post-59519","post","type-post","status-publish","format-standard","has-post-thumbnail","hentry","category-gobierno-de-tlaxcala"],"amp_enabled":true,"_links":{"self":[{"href":"https:\/\/labestiapolitica.com.mx\/index.php?rest_route=\/wp\/v2\/posts\/59519","targetHints":{"allow":["GET"]}}],"collection":[{"href":"https:\/\/labestiapolitica.com.mx\/index.php?rest_route=\/wp\/v2\/posts"}],"about":[{"href":"https:\/\/labestiapolitica.com.mx\/index.php?rest_route=\/wp\/v2\/types\/post"}],"author":[{"embeddable":true,"href":"https:\/\/labestiapolitica.com.mx\/index.php?rest_route=\/wp\/v2\/users\/3"}],"replies":[{"embeddable":true,"href":"https:\/\/labestiapolitica.com.mx\/index.php?rest_route=%2Fwp%2Fv2%2Fcomments&post=59519"}],"version-history":[{"count":1,"href":"https:\/\/labestiapolitica.com.mx\/index.php?rest_route=\/wp\/v2\/posts\/59519\/revisions"}],"predecessor-version":[{"id":59522,"href":"https:\/\/labestiapolitica.com.mx\/index.php?rest_route=\/wp\/v2\/posts\/59519\/revisions\/59522"}],"wp:featuredmedia":[{"embeddable":true,"href":"https:\/\/labestiapolitica.com.mx\/index.php?rest_route=\/wp\/v2\/media\/59520"}],"wp:attachment":[{"href":"https:\/\/labestiapolitica.com.mx\/index.php?rest_route=%2Fwp%2Fv2%2Fmedia&parent=59519"}],"wp:term":[{"taxonomy":"category","embeddable":true,"href":"https:\/\/labestiapolitica.com.mx\/index.php?rest_route=%2Fwp%2Fv2%2Fcategories&post=59519"},{"taxonomy":"post_tag","embeddable":true,"href":"https:\/\/labestiapolitica.com.mx\/index.php?rest_route=%2Fwp%2Fv2%2Ftags&post=59519"}],"curies":[{"name":"wp","href":"https:\/\/api.w.org\/{rel}","templated":true}]}}