{"id":59528,"date":"2026-01-26T13:08:57","date_gmt":"2026-01-26T19:08:57","guid":{"rendered":"https:\/\/labestiapolitica.com.mx\/?p=59528"},"modified":"2026-01-26T14:53:45","modified_gmt":"2026-01-26T20:53:45","slug":"indignacion-en-tlaxcala-tras-brutal-agresion-a-perro","status":"publish","type":"post","link":"https:\/\/labestiapolitica.com.mx\/?p=59528","title":{"rendered":"Indignaci\u00f3n en Tlaxcala tras brutal agresi\u00f3n a perro"},"content":{"rendered":"<blockquote>\n<ul>\n<li class=\"p1\" style=\"text-align: justify;\">Max es un perrito que perdi\u00f3 un ojo tras ser golpeado brutalmente por un hombre en La Loma Xicot\u00e9ncatl. La ciudadan\u00eda exige justicia y la due\u00f1a presenta hoy la denuncia formal.<\/li>\n<\/ul>\n<\/blockquote>\n<p class=\"p1\" style=\"text-align: justify;\"><span class=\"s1\">Mariana LOVERA\/\/ Una denuncia ciudadana, difundida a trav\u00e9s de redes sociales, ha conmocionado a la capital tlaxcalteca al revelar un acto de extrema crueldad animal. Los hechos ocurrieron la noche del viernes 23 de enero, en la colonia La Loma Xicot\u00e9ncatl, cuando un hombre, captado en video, agredi\u00f3 con violencia a un perro llamado Max, provoc\u00e1ndole la p\u00e9rdida total de uno de sus ojos.<\/span><\/p>\n<p class=\"p1\" style=\"text-align: justify;\"><span class=\"s1\">La voz de la indignaci\u00f3n la ha dado su tutora, una mujer que, de manera habitual, alimenta a perros en situaci\u00f3n de calle en esa zona en compa\u00f1\u00eda de Max. En un emotivo relato publicado en redes, explic\u00f3 la secuencia de los hechos: \u00abTodas las noches le doy de comer a unos perritos de la calle. Y mi perrito llamado Max estaba conmigo, entr\u00e9 por una sudadera y unas llaves y en cuesti\u00f3n de minutos le hicieron esto\u00bb.<\/span><\/p>\n<p class=\"p1\" style=\"text-align: justify;\"><span class=\"s1\">El video adjunto a la publicaci\u00f3n es contundente. Muestra a un individuo caminando y, acto seguido, asestar un fuerte golpe al peque\u00f1o animal que se encontraba a su paso. Las im\u00e1genes, dif\u00edciles de ver, han detonado una ola de repudio y solidaridad en la comunidad.<\/span><\/p>\n<p class=\"p1\" style=\"text-align: justify;\"><span class=\"s1\">\u00abPens\u00e9 mucho en subir el video pero quisiera que se hiciera justicia\u00bb, expresa due\u00f1a de Max, quien hizo un llamado p\u00fablico para identificar al agresor: \u00abNo me gustar\u00eda que quedara impune, por eso si alguien identifica a la persona les agradecer\u00eda que me lo comentaran para que pueda hacer el tr\u00e1mite correspondiente\u00bb.<\/span><\/p>\n<p class=\"p1\" style=\"text-align: justify;\"><span class=\"s1\">La respuesta ciudadana no se hizo esperar. Cientos de usuarios han compartido la publicaci\u00f3n, exigiendo a las autoridades que act\u00faen con celeridad. La presi\u00f3n social ha llevado a que el caso d\u00e9 el salto de las redes a la v\u00eda legal.<\/span><\/p>\n<p class=\"p1\" style=\"text-align: justify;\"><span class=\"s1\">Ante la gravedad del acto, y con el respaldo de la evidencia digital y el apoyo de la comunidad, la tutora de Max anunci\u00f3 que este d\u00eda<span class=\"Apple-converted-space\">\u00a0 <\/span>presentar\u00e1 la denuncia formal ante la Fiscal\u00eda General de Justicia del Estado (FGJE). El objetivo es que el caso no quede en el anonimato de las redes y se inicie una investigaci\u00f3n penal.<\/span><\/p>\n<p class=\"p1\" style=\"text-align: justify;\"><span class=\"s1\">La agresi\u00f3n a Max se enmarca en un contexto de creciente sensibilidad social hacia el maltrato animal y las demandas por leyes m\u00e1s severas. En Tlaxcala, como en el resto del pa\u00eds, estos hechos son tipificados como delitos.<\/span><\/p>\n<p class=\"p1\" style=\"text-align: justify;\"><span class=\"s1\">Mientras se espera que la FGJE d\u00e9 tr\u00e1mite a la denuncia y emprenda la b\u00fasqueda del presunto agresor, la imagen de Max, con su evidente herida, se ha convertido en un s\u00edmbolo de la lucha contra la impunidad en casos de crueldad animal.<\/span><\/p>\n<p class=\"p1\" style=\"text-align: justify;\"><span class=\"s1\">Se espera que la Coordinaci\u00f3n de Bienestar Animal de Tlaxcala de su posicionamiento.<\/span><\/p>\n","protected":false},"excerpt":{"rendered":"<p>Max es un perrito que perdi\u00f3 un ojo tras ser golpeado brutalmente por un hombre en La Loma Xicot\u00e9ncatl. La ciudadan\u00eda exige justicia y la due\u00f1a presenta hoy la denuncia formal. Mariana LOVERA\/\/ Una denuncia ciudadana, difundida a trav\u00e9s de redes sociales, ha conmocionado a la capital tlaxcalteca al revelar un acto de extrema crueldad [&hellip;]<\/p>\n","protected":false},"author":6,"featured_media":59530,"comment_status":"open","ping_status":"open","sticky":false,"template":"","format":"standard","meta":{"footnotes":""},"categories":[3,7],"tags":[],"class_list":["post-59528","post","type-post","status-publish","format-standard","has-post-thumbnail","hentry","category-8-columnas","category-ciudadanos"],"amp_enabled":true,"_links":{"self":[{"href":"https:\/\/labestiapolitica.com.mx\/index.php?rest_route=\/wp\/v2\/posts\/59528","targetHints":{"allow":["GET"]}}],"collection":[{"href":"https:\/\/labestiapolitica.com.mx\/index.php?rest_route=\/wp\/v2\/posts"}],"about":[{"href":"https:\/\/labestiapolitica.com.mx\/index.php?rest_route=\/wp\/v2\/types\/post"}],"author":[{"embeddable":true,"href":"https:\/\/labestiapolitica.com.mx\/index.php?rest_route=\/wp\/v2\/users\/6"}],"replies":[{"embeddable":true,"href":"https:\/\/labestiapolitica.com.mx\/index.php?rest_route=%2Fwp%2Fv2%2Fcomments&post=59528"}],"version-history":[{"count":1,"href":"https:\/\/labestiapolitica.com.mx\/index.php?rest_route=\/wp\/v2\/posts\/59528\/revisions"}],"predecessor-version":[{"id":59529,"href":"https:\/\/labestiapolitica.com.mx\/index.php?rest_route=\/wp\/v2\/posts\/59528\/revisions\/59529"}],"wp:featuredmedia":[{"embeddable":true,"href":"https:\/\/labestiapolitica.com.mx\/index.php?rest_route=\/wp\/v2\/media\/59530"}],"wp:attachment":[{"href":"https:\/\/labestiapolitica.com.mx\/index.php?rest_route=%2Fwp%2Fv2%2Fmedia&parent=59528"}],"wp:term":[{"taxonomy":"category","embeddable":true,"href":"https:\/\/labestiapolitica.com.mx\/index.php?rest_route=%2Fwp%2Fv2%2Fcategories&post=59528"},{"taxonomy":"post_tag","embeddable":true,"href":"https:\/\/labestiapolitica.com.mx\/index.php?rest_route=%2Fwp%2Fv2%2Ftags&post=59528"}],"curies":[{"name":"wp","href":"https:\/\/api.w.org\/{rel}","templated":true}]}}