{"id":59531,"date":"2026-01-26T13:22:33","date_gmt":"2026-01-26T19:22:33","guid":{"rendered":"https:\/\/labestiapolitica.com.mx\/?p=59531"},"modified":"2026-01-26T14:45:00","modified_gmt":"2026-01-26T20:45:00","slug":"vocero-asegura-que-vuelos-a-madrid-fueron-pagados-por-funcionarios","status":"publish","type":"post","link":"https:\/\/labestiapolitica.com.mx\/?p=59531","title":{"rendered":"Vocero asegura que viajes a Madrid fueron pagados por funcionarios"},"content":{"rendered":"<ul>\n<li class=\"p1\" style=\"text-align: justify;\">\n<blockquote><p>Afirma que; \u00abYo pens\u00e9 que no iba a haber cuesta de enero, y ya hubo, nomas para esto, complicado\u00bb<\/p><\/blockquote>\n<\/li>\n<\/ul>\n<p class=\"p1\" style=\"text-align: justify;\"><span class=\"s1\">Ana S\u00e1nchez \/\/ Ante cuestionamientos sobre el costo de las recientes giras internacionales de funcionarios estatales, como la visita que hicieron a Espa\u00f1a para participar en la Fitur, el coordinador de Comunicaci\u00f3n Social del Gobierno del Estado, Antonio Mart\u00ednez Vel\u00e1zquez, ofreci\u00f3 un balance y una defensa inusual de las mismas: asegur\u00f3 que los viajes fueron costeados con recursos personales de los servidores p\u00fablicos, en l\u00ednea con una pol\u00edtica de \u00abausteridad\u00bb.<\/span><\/p>\n<p class=\"p1\" style=\"text-align: justify;\"><span class=\"s1\">\u00abLa inversi\u00f3n, en este caso, fuimos tres funcionarios. Cada uno de nosotros nos pagamos con nuestro dinero nuestros viajes\u00bb, declar\u00f3 Mart\u00ednez Vel\u00e1zquez. Reconoci\u00f3 incluso el impacto personal de la decisi\u00f3n: \u00abYo pens\u00e9 que no iba a haber cuesta de enero, y ya hubo, nomas para esto, complicado, pero eso fue un acuerdo que se tom\u00f3\u00bb.<\/span><\/p>\n<p class=\"p1\" style=\"text-align: justify;\"><span class=\"s1\">El funcionario justific\u00f3 la m\u00ednima comitiva oficial argumentando que el foco debe estar en los promotores tlaxcaltecas, \u00abel tema del talento, fueron cerca de 25 personas&#8230; ellos son los que tienen que viajar, no los funcionarios\u00bb, explic\u00f3.<\/span><\/p>\n<p class=\"p1\" style=\"text-align: justify;\"><span class=\"s1\">Entre los logros destacados, resalt\u00f3 la firma de siete convenios cruciales, como el de la Talavera patrimonio compartido con Espa\u00f1a, indic\u00f3 que se firmaron acuerdos con las localidades de Talavera de la Reina y Puente del Arzobispo para homologar criterios sobre los procesos de elaboraci\u00f3n, un paso fundamental para cumplir con el plan de salvaguardia que exige la UNESCO y evitar la p\u00e9rdida de la declaratoria,<span class=\"Apple-converted-space\">\u00a0 <\/span>\u00abla UNESCO no es que te da la declaratoria y ya&#8230; te la puede quitar\u00bb, advirti\u00f3.<\/span><\/p>\n<p class=\"p1\" style=\"text-align: justify;\"><span class=\"s1\">Asimismo, se firm\u00f3 un convenio con la regi\u00f3n espa\u00f1ola de Extremadura,<span class=\"Apple-converted-space\">\u00a0 <\/span>cuna de Hern\u00e1n Cort\u00e9s, lo que, seg\u00fan Mart\u00ednez, despierta el inter\u00e9s de ayuntamientos y empresarios espa\u00f1oles en Tlaxcala.<\/span><\/p>\n<p class=\"p1\" style=\"text-align: justify;\"><span class=\"s1\">M\u00e1s all\u00e1 de lo protocolario, el coordinador enfatiz\u00f3 el \u00e9xito en el plano acad\u00e9mico y de difusi\u00f3n, destac\u00f3 un seminario en la Casa de Am\u00e9rica de Madrid, cuya cobertura por el diario espa\u00f1ol \u201cEl Pa\u00eds\u201d llev\u00f3 a una \u00abconversaci\u00f3n internacional\u00bb sobre el papel hist\u00f3rico de los tlaxcaltecas, \u00abnos permite tener un mejor entendimiento de nuestra propia historia\u00bb, afirm\u00f3.<\/span><\/p>\n<p class=\"p1\" style=\"text-align: justify;\"><span class=\"s1\">La promoci\u00f3n tambi\u00e9n fue callejera. El equipo tlaxcalteca instal\u00f3 una \u00abalfombra monumental\u00bb con juegos tradicionales en un c\u00e9ntrico centro comercial de Madrid, interactuando directamente con el p\u00fablico, \u00abmuchas delegaciones estaban encerradas en la feria; nosotros est\u00e1bamos donde estaba la gente\u00bb, se\u00f1al\u00f3.<\/span><\/p>\n<p class=\"p1\" style=\"text-align: justify;\"><span class=\"s1\">Mart\u00ednez Vel\u00e1zquez cerr\u00f3 su argumentaci\u00f3n vinculando las giras a la esencia del estado. \u00abYo no creo que haya mejor posicionamiento&#8230; Es parte de lo que nos une: la identidad tlaxcalteca, que nos hermana con los pueblos del mundo. Es la fraternidad universal\u00bb.<\/span><\/p>\n<p class=\"p1\" style=\"text-align: justify;\"><span class=\"s1\">Con esta explicaci\u00f3n, el gobierno estatal busca responder a las cr\u00edticas sobre el uso de recursos, presentando las giras como una inversi\u00f3n estrat\u00e9gica, y personal de los funcionarios,<span class=\"Apple-converted-space\">\u00a0 <\/span>para proteger patrimonio, atraer inversi\u00f3n y proyectar la identidad tlaxcalteca en el mundo.<\/span><\/p>\n","protected":false},"excerpt":{"rendered":"<p>Afirma que; \u00abYo pens\u00e9 que no iba a haber cuesta de enero, y ya hubo, nomas para esto, complicado\u00bb Ana S\u00e1nchez \/\/ Ante cuestionamientos sobre el costo de las recientes giras internacionales de funcionarios estatales, como la visita que hicieron a Espa\u00f1a para participar en la Fitur, el coordinador de Comunicaci\u00f3n Social del Gobierno del [&hellip;]<\/p>\n","protected":false},"author":3,"featured_media":59532,"comment_status":"open","ping_status":"open","sticky":false,"template":"","format":"standard","meta":{"footnotes":""},"categories":[3,7],"tags":[],"class_list":["post-59531","post","type-post","status-publish","format-standard","has-post-thumbnail","hentry","category-8-columnas","category-ciudadanos"],"amp_enabled":true,"_links":{"self":[{"href":"https:\/\/labestiapolitica.com.mx\/index.php?rest_route=\/wp\/v2\/posts\/59531","targetHints":{"allow":["GET"]}}],"collection":[{"href":"https:\/\/labestiapolitica.com.mx\/index.php?rest_route=\/wp\/v2\/posts"}],"about":[{"href":"https:\/\/labestiapolitica.com.mx\/index.php?rest_route=\/wp\/v2\/types\/post"}],"author":[{"embeddable":true,"href":"https:\/\/labestiapolitica.com.mx\/index.php?rest_route=\/wp\/v2\/users\/3"}],"replies":[{"embeddable":true,"href":"https:\/\/labestiapolitica.com.mx\/index.php?rest_route=%2Fwp%2Fv2%2Fcomments&post=59531"}],"version-history":[{"count":2,"href":"https:\/\/labestiapolitica.com.mx\/index.php?rest_route=\/wp\/v2\/posts\/59531\/revisions"}],"predecessor-version":[{"id":59538,"href":"https:\/\/labestiapolitica.com.mx\/index.php?rest_route=\/wp\/v2\/posts\/59531\/revisions\/59538"}],"wp:featuredmedia":[{"embeddable":true,"href":"https:\/\/labestiapolitica.com.mx\/index.php?rest_route=\/wp\/v2\/media\/59532"}],"wp:attachment":[{"href":"https:\/\/labestiapolitica.com.mx\/index.php?rest_route=%2Fwp%2Fv2%2Fmedia&parent=59531"}],"wp:term":[{"taxonomy":"category","embeddable":true,"href":"https:\/\/labestiapolitica.com.mx\/index.php?rest_route=%2Fwp%2Fv2%2Fcategories&post=59531"},{"taxonomy":"post_tag","embeddable":true,"href":"https:\/\/labestiapolitica.com.mx\/index.php?rest_route=%2Fwp%2Fv2%2Ftags&post=59531"}],"curies":[{"name":"wp","href":"https:\/\/api.w.org\/{rel}","templated":true}]}}