{"id":59577,"date":"2026-01-26T16:47:02","date_gmt":"2026-01-26T22:47:02","guid":{"rendered":"https:\/\/labestiapolitica.com.mx\/?p=59577"},"modified":"2026-01-26T16:47:02","modified_gmt":"2026-01-26T22:47:02","slug":"apizaco-refuerza-la-red-de-apoyo-a-mujeres-mediante-alianza-estrategica","status":"publish","type":"post","link":"https:\/\/labestiapolitica.com.mx\/?p=59577","title":{"rendered":"Apizaco refuerza la red de apoyo a mujeres mediante alianza estrat\u00e9gica."},"content":{"rendered":"<ul>\n<li style=\"text-align: justify;\">Se formaliza colaboraci\u00f3n con la Fundaci\u00f3n de Servicio Social de Apizaco, A.C., para implementar un sistema integral de detecci\u00f3n, atenci\u00f3n, canalizaci\u00f3n y acompa\u00f1amiento a mujeres en situaci\u00f3n de violencia y sus familias.<\/li>\n<\/ul>\n<p style=\"text-align: justify;\">En el marco del D\u00eda Naranja, el Gobierno Municipal de Apizaco, en un esfuerzo coordinado por la administraci\u00f3n del presidente municipal Javier Rivera Bonilla y la Sexta Regidora Limitzen Rub\u00ed Mart\u00ednez Serrano, firm\u00f3 un convenio de colaboraci\u00f3n con la Fundaci\u00f3n de Servicio Social de Apizaco, A.C.<\/p>\n<p style=\"text-align: justify;\">Este acuerdo estrat\u00e9gico tiene como objetivo fortalecer la estructura institucional dedicada a la prevenci\u00f3n y erradicaci\u00f3n de la violencia de g\u00e9nero. La alianza articular\u00e1 el trabajo del Instituto Municipal de la Mujer con la experiencia de la sociedad civil, garantizando una respuesta unificada basada en los principios de igualdad, no discriminaci\u00f3n y protecci\u00f3n integral de los derechos humanos.<\/p>\n<p style=\"text-align: justify;\">El presidente municipal calific\u00f3 el convenio como \u201cun paso firme en la construcci\u00f3n de una red de apoyo efectiva y humana\u201d, que materializa el compromiso \u00e9tico y pol\u00edtico de su administraci\u00f3n con la seguridad y el desarrollo pleno de las mujeres. \u201cReconocemos la urgencia de actuar con coordinaci\u00f3n y recursos concretos. Ninguna mujer debe sentirse sola; esta alianza es para brindar acompa\u00f1amiento real y oportuno\u201d, afirm\u00f3.<\/p>\n<p style=\"text-align: justify;\">Por parte de la Fundaci\u00f3n, su directora Mahelen Hern\u00e1ndez Hern\u00e1ndez destac\u00f3 que el convenio permitir\u00e1 \u201cdotar a las mujeres de herramientas concretas para visualizar y construir un proyecto de vida libre de violencias, con apoyo especializado y continuo\u201d.<\/p>\n<p style=\"text-align: justify;\">La regidora Mart\u00ednez Serrano, impulsora de la iniciativa, enfatiz\u00f3 que la suma de voluntades entre el sector p\u00fablico y la sociedad civil es fundamental para generar cambios duraderos. \u201cAgradezco la disposici\u00f3n de todos los involucrados. Refrendamos nuestro compromiso de trabajar d\u00eda a d\u00eda para que la prevenci\u00f3n y la atenci\u00f3n sean una prioridad tangible\u201d, se\u00f1al\u00f3.<\/p>\n<p style=\"text-align: justify;\">Con esta acci\u00f3n, el Ayuntamiento de Apizaco reafirma su compromiso de trabajar con responsabilidad y convicci\u00f3n para que la protecci\u00f3n, el respeto y la igualdad sean una realidad accesible para todas las mujeres, ni\u00f1as y ni\u00f1os del municipio.<\/p>\n","protected":false},"excerpt":{"rendered":"<p>Se formaliza colaboraci\u00f3n con la Fundaci\u00f3n de Servicio Social de Apizaco, A.C., para implementar un sistema integral de detecci\u00f3n, atenci\u00f3n, canalizaci\u00f3n y acompa\u00f1amiento a mujeres en situaci\u00f3n de violencia y sus familias. En el marco del D\u00eda Naranja, el Gobierno Municipal de Apizaco, en un esfuerzo coordinado por la administraci\u00f3n del presidente municipal Javier Rivera [&hellip;]<\/p>\n","protected":false},"author":3,"featured_media":59585,"comment_status":"open","ping_status":"open","sticky":false,"template":"","format":"standard","meta":{"footnotes":""},"categories":[226,7,216],"tags":[],"class_list":["post-59577","post","type-post","status-publish","format-standard","has-post-thumbnail","hentry","category-apizaco","category-ciudadanos","category-municipios"],"amp_enabled":true,"_links":{"self":[{"href":"https:\/\/labestiapolitica.com.mx\/index.php?rest_route=\/wp\/v2\/posts\/59577","targetHints":{"allow":["GET"]}}],"collection":[{"href":"https:\/\/labestiapolitica.com.mx\/index.php?rest_route=\/wp\/v2\/posts"}],"about":[{"href":"https:\/\/labestiapolitica.com.mx\/index.php?rest_route=\/wp\/v2\/types\/post"}],"author":[{"embeddable":true,"href":"https:\/\/labestiapolitica.com.mx\/index.php?rest_route=\/wp\/v2\/users\/3"}],"replies":[{"embeddable":true,"href":"https:\/\/labestiapolitica.com.mx\/index.php?rest_route=%2Fwp%2Fv2%2Fcomments&post=59577"}],"version-history":[{"count":1,"href":"https:\/\/labestiapolitica.com.mx\/index.php?rest_route=\/wp\/v2\/posts\/59577\/revisions"}],"predecessor-version":[{"id":59586,"href":"https:\/\/labestiapolitica.com.mx\/index.php?rest_route=\/wp\/v2\/posts\/59577\/revisions\/59586"}],"wp:featuredmedia":[{"embeddable":true,"href":"https:\/\/labestiapolitica.com.mx\/index.php?rest_route=\/wp\/v2\/media\/59585"}],"wp:attachment":[{"href":"https:\/\/labestiapolitica.com.mx\/index.php?rest_route=%2Fwp%2Fv2%2Fmedia&parent=59577"}],"wp:term":[{"taxonomy":"category","embeddable":true,"href":"https:\/\/labestiapolitica.com.mx\/index.php?rest_route=%2Fwp%2Fv2%2Fcategories&post=59577"},{"taxonomy":"post_tag","embeddable":true,"href":"https:\/\/labestiapolitica.com.mx\/index.php?rest_route=%2Fwp%2Fv2%2Ftags&post=59577"}],"curies":[{"name":"wp","href":"https:\/\/api.w.org\/{rel}","templated":true}]}}