{"id":59579,"date":"2026-01-26T16:44:16","date_gmt":"2026-01-26T22:44:16","guid":{"rendered":"https:\/\/labestiapolitica.com.mx\/?p=59579"},"modified":"2026-01-26T16:44:16","modified_gmt":"2026-01-26T22:44:16","slug":"afirma-gobernadora-que-tlaxcala-brillo-en-la-fitur-de-espana","status":"publish","type":"post","link":"https:\/\/labestiapolitica.com.mx\/?p=59579","title":{"rendered":"Afirma gobernadora que Tlaxcala brill\u00f3 en la Fitur de Espa\u00f1a"},"content":{"rendered":"<p class=\"p1\" style=\"text-align: justify;\"><span class=\"s1\">Ana S\u00e1nchez \/\/ Durante la reciente participaci\u00f3n en la Feria Internacional de Turismo (FITUR) en Espa\u00f1a, la representaci\u00f3n de Tlaxcala logr\u00f3 un impacto extraordinario, posicionando al estado como un destino tur\u00edstico de relevancia internacional, refiri\u00f3 la gobernadora Lorena Cu\u00e9llar.<\/span><\/p>\n<p class=\"p1\" style=\"text-align: justify;\"><span class=\"s1\">El pabell\u00f3n tlaxcalteca, que mostr\u00f3 lo m\u00e1s representativo de su cultura, desde la artesan\u00eda de alfombras y huehues hasta su gastronom\u00eda y tours tur\u00edsticos, captur\u00f3 la atenci\u00f3n del p\u00fablico desde el primer d\u00eda, asegur\u00f3 la mandataria en entrevista colectiva.<\/span><\/p>\n<p class=\"p1\" style=\"text-align: justify;\"><span class=\"s1\">\u201cFue muy emotivo escuchar a la gente hablar de Tlaxcala y hasta cantar la canci\u00f3n &#8216;Te So\u00f1\u00e9&#8217;, eso me llena el alma\u00bb, expres\u00f3.<\/span><\/p>\n<p class=\"p1\" style=\"text-align: justify;\"><span class=\"s1\">La jefa del ejecutivo se\u00f1al\u00f3 que, este logro se enmarca en una estrategia integral de promoci\u00f3n que ha rendido frutos notables, seg\u00fan se inform\u00f3, se ha conseguido un incremento de m\u00e1s del 400% en la llegada de turistas extranjeros al estado, adem\u00e1s, el sector ha experimentado un crecimiento significativo con la apertura de 25 nuevos hoteles y el desarrollo de ofertas tur\u00edsticas en ramas que antes no exist\u00edan en la entidad.<\/span><\/p>\n<p class=\"p1\" style=\"text-align: justify;\"><span class=\"s1\">La presencia en FITUR no fue un hecho aislado, sino parte de un trabajo sostenido que incluy\u00f3 la firma de cerca de 12 convenios con diferentes presidentes municipales y reuniones con el sector empresarial local para fortalecer la infraestructura y servicios tur\u00edsticos, indic\u00f3.<\/span><\/p>\n<p class=\"p1\" style=\"text-align: justify;\"><span class=\"s1\">\u00abAlguien me recordaba que hace unos 15 a\u00f1os, nuestro stand en una feria era una simple mesita, una silla y un letrero de papel. Hoy tenemos un espacio digno, a la altura de los 32 estados, y es un honor que Tlaxcala haya sido sede nacional de promoci\u00f3n\u00bb, a\u00f1adi\u00f3.<\/span><\/p>\n<p class=\"p1\" style=\"text-align: justify;\"><span class=\"s1\">Con estos resultados, agreg\u00f3, Tlaxcala consolida su imagen no s\u00f3lo a nivel nacional, sino<span class=\"Apple-converted-space\">\u00a0 <\/span>internacional, demostrando que con una promoci\u00f3n estrat\u00e9gica y la riqueza de su patrimonio cultural y natural, puede competir en el mapa tur\u00edstico global, el objetivo, subray\u00f3, es seguir difundiendo cada rinc\u00f3n del estado y mantener este impulso positivo<\/span><\/p>\n","protected":false},"excerpt":{"rendered":"<p>Ana S\u00e1nchez \/\/ Durante la reciente participaci\u00f3n en la Feria Internacional de Turismo (FITUR) en Espa\u00f1a, la representaci\u00f3n de Tlaxcala logr\u00f3 un impacto extraordinario, posicionando al estado como un destino tur\u00edstico de relevancia internacional, refiri\u00f3 la gobernadora Lorena Cu\u00e9llar. El pabell\u00f3n tlaxcalteca, que mostr\u00f3 lo m\u00e1s representativo de su cultura, desde la artesan\u00eda de alfombras [&hellip;]<\/p>\n","protected":false},"author":3,"featured_media":59582,"comment_status":"open","ping_status":"open","sticky":false,"template":"","format":"standard","meta":{"footnotes":""},"categories":[3,236],"tags":[],"class_list":["post-59579","post","type-post","status-publish","format-standard","has-post-thumbnail","hentry","category-8-columnas","category-gobierno-de-tlaxcala"],"amp_enabled":true,"_links":{"self":[{"href":"https:\/\/labestiapolitica.com.mx\/index.php?rest_route=\/wp\/v2\/posts\/59579","targetHints":{"allow":["GET"]}}],"collection":[{"href":"https:\/\/labestiapolitica.com.mx\/index.php?rest_route=\/wp\/v2\/posts"}],"about":[{"href":"https:\/\/labestiapolitica.com.mx\/index.php?rest_route=\/wp\/v2\/types\/post"}],"author":[{"embeddable":true,"href":"https:\/\/labestiapolitica.com.mx\/index.php?rest_route=\/wp\/v2\/users\/3"}],"replies":[{"embeddable":true,"href":"https:\/\/labestiapolitica.com.mx\/index.php?rest_route=%2Fwp%2Fv2%2Fcomments&post=59579"}],"version-history":[{"count":1,"href":"https:\/\/labestiapolitica.com.mx\/index.php?rest_route=\/wp\/v2\/posts\/59579\/revisions"}],"predecessor-version":[{"id":59583,"href":"https:\/\/labestiapolitica.com.mx\/index.php?rest_route=\/wp\/v2\/posts\/59579\/revisions\/59583"}],"wp:featuredmedia":[{"embeddable":true,"href":"https:\/\/labestiapolitica.com.mx\/index.php?rest_route=\/wp\/v2\/media\/59582"}],"wp:attachment":[{"href":"https:\/\/labestiapolitica.com.mx\/index.php?rest_route=%2Fwp%2Fv2%2Fmedia&parent=59579"}],"wp:term":[{"taxonomy":"category","embeddable":true,"href":"https:\/\/labestiapolitica.com.mx\/index.php?rest_route=%2Fwp%2Fv2%2Fcategories&post=59579"},{"taxonomy":"post_tag","embeddable":true,"href":"https:\/\/labestiapolitica.com.mx\/index.php?rest_route=%2Fwp%2Fv2%2Ftags&post=59579"}],"curies":[{"name":"wp","href":"https:\/\/api.w.org\/{rel}","templated":true}]}}