{"id":59599,"date":"2026-01-26T18:20:48","date_gmt":"2026-01-27T00:20:48","guid":{"rendered":"https:\/\/labestiapolitica.com.mx\/?p=59599"},"modified":"2026-01-26T18:20:48","modified_gmt":"2026-01-27T00:20:48","slug":"ayuntamiento-de-tlaxcala-impulsa-espacios-de-recreacion-familiar-en-el-centro-historico","status":"publish","type":"post","link":"https:\/\/labestiapolitica.com.mx\/?p=59599","title":{"rendered":"Ayuntamiento de Tlaxcala impulsa espacios de recreaci\u00f3n familiar en el Centro Historico."},"content":{"rendered":"<p style=\"text-align: justify;\">A fin de fortalecer la convivencia social y la promoci\u00f3n de la cultura, el Ayuntamiento de Tlaxcala, que encabeza el presidente municipal Alfonso S\u00e1nchez Garc\u00eda, realiz\u00f3 este fin de semana dos actividades recreativas y art\u00edsticas en el Centro Hist\u00f3rico de la capital, a trav\u00e9s de la Coordinaci\u00f3n de Turismo.<\/p>\n<p style=\"text-align: justify;\">\nEn la Plaza de la Constituci\u00f3n, familias tlaxcaltecas y visitantes disfrutaron el s\u00e1bado de la presentaci\u00f3n del Grupo de Proyecci\u00f3n Folkl\u00f3rica Yandari, integrado por artistas provenientes de Grecia y Costa Rica, quienes ofrecieron un espect\u00e1culo lleno de color, m\u00fasica y tradici\u00f3n. En esta ocasi\u00f3n, interpretaron sones representativos de distintas regiones de Centroam\u00e9rica y Europa, con lo que se promovi\u00f3 el intercambio y turismo cultural.<\/p>\n<p style=\"text-align: justify;\">\nAsimismo, en esta que es la plaza principal de la capital, dieron inicio los \u201cDomingos Familiares\u201d, una iniciativa pensada para ofrecer opciones de diversi\u00f3n sana y accesible para ni\u00f1as, ni\u00f1os y adultos. En esta ocasi\u00f3n se present\u00f3 el Payaso Sponch Biker, cuyo espect\u00e1culo gener\u00f3 un ambiente de alegr\u00eda y participaci\u00f3n entre las familias asistentes.<\/p>\n<p style=\"text-align: justify;\">\nCabe destacar que el show del Payaso Sponch se presentar\u00e1 todos los domingos en la Plaza de la Constituci\u00f3n, de manera totalmente gratuita, como una forma de crear espacios atractivos y conviertan al Centro Hist\u00f3rico en un punto de encuentro para la convivencia familiar.<\/p>\n","protected":false},"excerpt":{"rendered":"<p>A fin de fortalecer la convivencia social y la promoci\u00f3n de la cultura, el Ayuntamiento de Tlaxcala, que encabeza el presidente municipal Alfonso S\u00e1nchez Garc\u00eda, realiz\u00f3 este fin de semana dos actividades recreativas y art\u00edsticas en el Centro Hist\u00f3rico de la capital, a trav\u00e9s de la Coordinaci\u00f3n de Turismo. En la Plaza de la Constituci\u00f3n, [&hellip;]<\/p>\n","protected":false},"author":5,"featured_media":59600,"comment_status":"open","ping_status":"open","sticky":false,"template":"","format":"standard","meta":{"footnotes":""},"categories":[7,216,214],"tags":[],"class_list":["post-59599","post","type-post","status-publish","format-standard","has-post-thumbnail","hentry","category-ciudadanos","category-municipios","category-tlaxcala-capital"],"amp_enabled":true,"_links":{"self":[{"href":"https:\/\/labestiapolitica.com.mx\/index.php?rest_route=\/wp\/v2\/posts\/59599","targetHints":{"allow":["GET"]}}],"collection":[{"href":"https:\/\/labestiapolitica.com.mx\/index.php?rest_route=\/wp\/v2\/posts"}],"about":[{"href":"https:\/\/labestiapolitica.com.mx\/index.php?rest_route=\/wp\/v2\/types\/post"}],"author":[{"embeddable":true,"href":"https:\/\/labestiapolitica.com.mx\/index.php?rest_route=\/wp\/v2\/users\/5"}],"replies":[{"embeddable":true,"href":"https:\/\/labestiapolitica.com.mx\/index.php?rest_route=%2Fwp%2Fv2%2Fcomments&post=59599"}],"version-history":[{"count":1,"href":"https:\/\/labestiapolitica.com.mx\/index.php?rest_route=\/wp\/v2\/posts\/59599\/revisions"}],"predecessor-version":[{"id":59601,"href":"https:\/\/labestiapolitica.com.mx\/index.php?rest_route=\/wp\/v2\/posts\/59599\/revisions\/59601"}],"wp:featuredmedia":[{"embeddable":true,"href":"https:\/\/labestiapolitica.com.mx\/index.php?rest_route=\/wp\/v2\/media\/59600"}],"wp:attachment":[{"href":"https:\/\/labestiapolitica.com.mx\/index.php?rest_route=%2Fwp%2Fv2%2Fmedia&parent=59599"}],"wp:term":[{"taxonomy":"category","embeddable":true,"href":"https:\/\/labestiapolitica.com.mx\/index.php?rest_route=%2Fwp%2Fv2%2Fcategories&post=59599"},{"taxonomy":"post_tag","embeddable":true,"href":"https:\/\/labestiapolitica.com.mx\/index.php?rest_route=%2Fwp%2Fv2%2Ftags&post=59599"}],"curies":[{"name":"wp","href":"https:\/\/api.w.org\/{rel}","templated":true}]}}