{"id":59609,"date":"2026-01-26T19:51:08","date_gmt":"2026-01-27T01:51:08","guid":{"rendered":"https:\/\/labestiapolitica.com.mx\/?p=59609"},"modified":"2026-01-26T19:51:08","modified_gmt":"2026-01-27T01:51:08","slug":"eligen-a-noemi-carmona-secretaria-general-del-sindicato-liberacion-4-de-octubre","status":"publish","type":"post","link":"https:\/\/labestiapolitica.com.mx\/?p=59609","title":{"rendered":"Eligen a Noemi Carmona, secretaria general del sindicato Liberaci\u00f3n 4 de octubre."},"content":{"rendered":"<ul>\n<li style=\"text-align: justify;\">Nombra a Oscar Ulises Tonix Paul, presidente del comit\u00e9 de vigilancia<\/li>\n<\/ul>\n<p style=\"text-align: justify;\">Tal como lo establece el estatuto del Sindicato, liberaci\u00f3n 4 de octubre el pasado viernes 23 de enero inici\u00f3 el Congreso tetranual correspondiente a este 2026, con el cual de acuerdo a documentaci\u00f3n oficial inicia el procedimiento de cambio del comit\u00e9 ejecutivo y de vigilancia de dicha organizaci\u00f3n sindical, mediante m\u00e9todo de elecci\u00f3n.<\/p>\n<p style=\"text-align: justify;\">Por lo que, bajo convocatoria oficial, quienes son miembros e integrantes de esta agrupaci\u00f3n sindical se dieron cita en el sal\u00f3n de la Querencia, para ser parte de este Congreso tetranual, tal como lo indicaba la convocatoria.<\/p>\n<p style=\"text-align: justify;\">Durante el congreso se llev\u00f3 a cabo la presentaci\u00f3n y la elecci\u00f3n de la nueva dirigencia, dando como resultado la elecci\u00f3n de la planilla Rosa para el comit\u00e9 ejecutivo y la planilla lila para el comit\u00e9 de vigilancia mismas, que son encabezadas por Noem\u00ed Carmona S\u00e1nchez y Ulises Tonix, respectivamente<\/p>\n<p style=\"text-align: justify;\">Con el 99% de la elecci\u00f3n a favor de Noem\u00ed Carmona, tras la realizaci\u00f3n de este Congreso tetranual, rindi\u00f3 protesta ante el pleno de la organizaci\u00f3n sindical como secretaria general del Sindicato Liberaci\u00f3n 4 de octubre en el periodo 2026-2029<\/p>\n<p style=\"text-align: justify;\">De igual manera, se hizo conducente con el comit\u00e9 de vigilancia que encabeza como presidente del mismo Oscar Ulises Tonix Paul.<\/p>\n<p style=\"text-align: justify;\">Tras el resultado de esta elecci\u00f3n, y con integrantes, con adscripciones en los poderes legislativo, ejecutivo, Judicial, municipios y organismos descentralizados; la reci\u00e9n nombrada secretaria general del Sindicato Liberaci\u00f3n 4 de octubre exhort\u00f3 a los presentes a sumarse los trabajos de esta organizaci\u00f3n, de igual manera hizo el compromiso de tener puertas abiertas un horario extendido, cercan\u00eda y transparencia con cada uno de los integrantes de este Sindicato estatal.<\/p>\n<p style=\"text-align: justify;\">Mi compromiso es con cada uno de los compa\u00f1eros, en un trabajo que redunde en beneficio de las y los trabajadores que son parte del Sindicato Liberaci\u00f3n 4 de octubre, actuaremos con respeto, responsabilidad y cordialidad en cada uno de los poderes, municipio y organismos. Realizaremos nombramientos de delegados y\/o coordinadores seg\u00fan la cantidad de trabajadores, a efecto de dar respuestas de forma inmediata a nuestra base sindical.<\/p>\n<p style=\"text-align: justify;\">Cabe destacar que la participaci\u00f3n de los integrantes y miembros de esta organizaci\u00f3n sindical fue clara y atendiendo lo que marca el estatuto.<\/p>\n<p style=\"text-align: justify;\">Finalmente, a la conclusi\u00f3n de este congreso te anual se declar\u00f3 por iniciado el periodo 2026, 2029, que habr\u00e1n de encabezar en los comit\u00e9s de Ejecutivo y de Vigilancia Noem\u00ed Carmona S\u00e1nchez y Oscar Ulises Tonix Paul.<\/p>\n","protected":false},"excerpt":{"rendered":"<p>Nombra a Oscar Ulises Tonix Paul, presidente del comit\u00e9 de vigilancia Tal como lo establece el estatuto del Sindicato, liberaci\u00f3n 4 de octubre el pasado viernes 23 de enero inici\u00f3 el Congreso tetranual correspondiente a este 2026, con el cual de acuerdo a documentaci\u00f3n oficial inicia el procedimiento de cambio del comit\u00e9 ejecutivo y de [&hellip;]<\/p>\n","protected":false},"author":5,"featured_media":59610,"comment_status":"open","ping_status":"open","sticky":false,"template":"","format":"standard","meta":{"footnotes":""},"categories":[12,7],"tags":[],"class_list":["post-59609","post","type-post","status-publish","format-standard","has-post-thumbnail","hentry","category-brujula-2026","category-ciudadanos"],"amp_enabled":true,"_links":{"self":[{"href":"https:\/\/labestiapolitica.com.mx\/index.php?rest_route=\/wp\/v2\/posts\/59609","targetHints":{"allow":["GET"]}}],"collection":[{"href":"https:\/\/labestiapolitica.com.mx\/index.php?rest_route=\/wp\/v2\/posts"}],"about":[{"href":"https:\/\/labestiapolitica.com.mx\/index.php?rest_route=\/wp\/v2\/types\/post"}],"author":[{"embeddable":true,"href":"https:\/\/labestiapolitica.com.mx\/index.php?rest_route=\/wp\/v2\/users\/5"}],"replies":[{"embeddable":true,"href":"https:\/\/labestiapolitica.com.mx\/index.php?rest_route=%2Fwp%2Fv2%2Fcomments&post=59609"}],"version-history":[{"count":1,"href":"https:\/\/labestiapolitica.com.mx\/index.php?rest_route=\/wp\/v2\/posts\/59609\/revisions"}],"predecessor-version":[{"id":59611,"href":"https:\/\/labestiapolitica.com.mx\/index.php?rest_route=\/wp\/v2\/posts\/59609\/revisions\/59611"}],"wp:featuredmedia":[{"embeddable":true,"href":"https:\/\/labestiapolitica.com.mx\/index.php?rest_route=\/wp\/v2\/media\/59610"}],"wp:attachment":[{"href":"https:\/\/labestiapolitica.com.mx\/index.php?rest_route=%2Fwp%2Fv2%2Fmedia&parent=59609"}],"wp:term":[{"taxonomy":"category","embeddable":true,"href":"https:\/\/labestiapolitica.com.mx\/index.php?rest_route=%2Fwp%2Fv2%2Fcategories&post=59609"},{"taxonomy":"post_tag","embeddable":true,"href":"https:\/\/labestiapolitica.com.mx\/index.php?rest_route=%2Fwp%2Fv2%2Ftags&post=59609"}],"curies":[{"name":"wp","href":"https:\/\/api.w.org\/{rel}","templated":true}]}}