{"id":59615,"date":"2026-01-26T20:10:31","date_gmt":"2026-01-27T02:10:31","guid":{"rendered":"https:\/\/labestiapolitica.com.mx\/?p=59615"},"modified":"2026-01-26T20:10:31","modified_gmt":"2026-01-27T02:10:31","slug":"gobierno-municipal-de-tetlanohcan-fortalece-infraestructura-social-con-rehabilitacion-de-espacio-en-auditorio-de-aquiahuac","status":"publish","type":"post","link":"https:\/\/labestiapolitica.com.mx\/?p=59615","title":{"rendered":"Gobierno Municipal de Tetlanohcan fortalece infraestructura social con rehabilitaci\u00f3n de espacio en auditorio de Aquiahuac."},"content":{"rendered":"<ul>\n<li style=\"text-align: justify;\">El Gobierno Municipal de San Francisco Tetlanohcan realiz\u00f3 la rehabilitaci\u00f3n de lo que ahora ser\u00e1 un sal\u00f3n destinado a usos m\u00faltiples, ubicado en la parte alta del auditorio del barrio de Dolores Aquiahuac, como parte de las acciones de mejoramiento de espacios p\u00fablicos en el municipio.<\/li>\n<\/ul>\n<p style=\"text-align: justify;\">La obra se ejecut\u00f3 a trav\u00e9s del Fondo de Aportaciones para la Infraestructura Social Municipal (FAISMUN 2025), con el objetivo de brindar un espacio digno y funcional para actividades educativas, culturales y sociales.<\/p>\n<p style=\"text-align: justify;\">Los trabajos consistieron en entortado en azotea, impermeabilizaci\u00f3n, bajadas de aguas pluviales, rehabilitaci\u00f3n de muros, aplanados de mortero, colocaci\u00f3n de piso de porcelanato, pintura vin\u00edlica, herrer\u00eda met\u00e1lica y de aluminio, as\u00ed como la mejora de instalaciones el\u00e9ctricas e iluminaci\u00f3n.<\/p>\n<p style=\"text-align: justify;\">La presidenta municipal, Kritsbey P\u00e9rez Flores, se\u00f1al\u00f3 que la recuperaci\u00f3n de este tipo de espacios contribuye al fortalecimiento de la infraestructura social del municipio, beneficiando directamente a las familias de la zona.<\/p>\n<p style=\"text-align: justify;\">El inmueble se encuentra a cargo del Comit\u00e9 Comunitario de Aquiahuac, para su cuidado y uso, consolid\u00e1ndose como un punto de encuentro para el desarrollo social del municipio.<\/p>\n","protected":false},"excerpt":{"rendered":"<p>El Gobierno Municipal de San Francisco Tetlanohcan realiz\u00f3 la rehabilitaci\u00f3n de lo que ahora ser\u00e1 un sal\u00f3n destinado a usos m\u00faltiples, ubicado en la parte alta del auditorio del barrio de Dolores Aquiahuac, como parte de las acciones de mejoramiento de espacios p\u00fablicos en el municipio. La obra se ejecut\u00f3 a trav\u00e9s del Fondo de [&hellip;]<\/p>\n","protected":false},"author":5,"featured_media":59616,"comment_status":"open","ping_status":"open","sticky":false,"template":"","format":"standard","meta":{"footnotes":""},"categories":[7,216],"tags":[],"class_list":["post-59615","post","type-post","status-publish","format-standard","has-post-thumbnail","hentry","category-ciudadanos","category-municipios"],"amp_enabled":true,"_links":{"self":[{"href":"https:\/\/labestiapolitica.com.mx\/index.php?rest_route=\/wp\/v2\/posts\/59615","targetHints":{"allow":["GET"]}}],"collection":[{"href":"https:\/\/labestiapolitica.com.mx\/index.php?rest_route=\/wp\/v2\/posts"}],"about":[{"href":"https:\/\/labestiapolitica.com.mx\/index.php?rest_route=\/wp\/v2\/types\/post"}],"author":[{"embeddable":true,"href":"https:\/\/labestiapolitica.com.mx\/index.php?rest_route=\/wp\/v2\/users\/5"}],"replies":[{"embeddable":true,"href":"https:\/\/labestiapolitica.com.mx\/index.php?rest_route=%2Fwp%2Fv2%2Fcomments&post=59615"}],"version-history":[{"count":1,"href":"https:\/\/labestiapolitica.com.mx\/index.php?rest_route=\/wp\/v2\/posts\/59615\/revisions"}],"predecessor-version":[{"id":59617,"href":"https:\/\/labestiapolitica.com.mx\/index.php?rest_route=\/wp\/v2\/posts\/59615\/revisions\/59617"}],"wp:featuredmedia":[{"embeddable":true,"href":"https:\/\/labestiapolitica.com.mx\/index.php?rest_route=\/wp\/v2\/media\/59616"}],"wp:attachment":[{"href":"https:\/\/labestiapolitica.com.mx\/index.php?rest_route=%2Fwp%2Fv2%2Fmedia&parent=59615"}],"wp:term":[{"taxonomy":"category","embeddable":true,"href":"https:\/\/labestiapolitica.com.mx\/index.php?rest_route=%2Fwp%2Fv2%2Fcategories&post=59615"},{"taxonomy":"post_tag","embeddable":true,"href":"https:\/\/labestiapolitica.com.mx\/index.php?rest_route=%2Fwp%2Fv2%2Ftags&post=59615"}],"curies":[{"name":"wp","href":"https:\/\/api.w.org\/{rel}","templated":true}]}}