{"id":59623,"date":"2026-01-26T22:06:52","date_gmt":"2026-01-27T04:06:52","guid":{"rendered":"https:\/\/labestiapolitica.com.mx\/?p=59623"},"modified":"2026-01-26T22:06:52","modified_gmt":"2026-01-27T04:06:52","slug":"despide-uda-con-homenaje-a-susana-fernandez","status":"publish","type":"post","link":"https:\/\/labestiapolitica.com.mx\/?p=59623","title":{"rendered":"Despide UDA con homenaje a Susana Fern\u00e1ndez"},"content":{"rendered":"<blockquote>\n<ul>\n<li style=\"text-align: justify;\"><span style=\"text-align: justify;\">La comunidad universitaria rinde homenaje a la Licenciada Susana Fern\u00e1ndez<\/span><\/li>\n<\/ul>\n<\/blockquote>\n<p style=\"text-align: justify;\">La Universidad del Altiplano despidi\u00f3 a la Licenciada Susana Fern\u00e1ndez con un homenaje institucional realizado en sus instalaciones, en el que participaron autoridades acad\u00e9micas, personal administrativo, estudiantes, exalumnas, exalumnos, as\u00ed como familiares y personas cercanas a quien en vida se desempe\u00f1\u00f3 como rectora y formadora de generaciones.<\/p>\n<p style=\"text-align: justify;\">El homenaje inici\u00f3 con el recibimiento de sus restos, los cuales fueron trasladados desde el estacionamiento de Rector\u00eda hasta la cancha de la Universidad. Durante su arribo, se form\u00f3 una hilera de voluntarias y voluntarios que portaron una flor en la mano como muestra de respeto y acompa\u00f1amiento, marcando el recorrido hasta el espacio destinado para la ceremonia.<\/p>\n<p style=\"text-align: justify;\">La ceremonia dio inicio con la proyecci\u00f3n de un video conmemorativo y un mensaje de bienvenida a nombre de la Universidad del Altiplano, del Instituto Independencia y de la familia de la Licenciada Susana Fern\u00e1ndez, en el que se agradeci\u00f3 la presencia de las y los asistentes y se reconoci\u00f3 el significado de este encuentro en un momento de profundo dolor por la p\u00e9rdida de quien en vida fue hermana, t\u00eda, maestra e inspiraci\u00f3n para la comunidad reunida.<\/p>\n<p style=\"text-align: justify;\">Posteriormente, la Licenciada Am\u00e9rica Montoya dirigi\u00f3 un mensaje a nombre de exalumnas y exalumnos, seguido de una intervenci\u00f3n del Decano, el Arquitecto Mario Sandoval, quien comparti\u00f3 palabras en memoria de la Rectora, ambos profundizando en el legado de la Licenciada como l\u00edder de la instituci\u00f3n educativa y formadora de generaciones.<\/p>\n<p style=\"text-align: justify;\">Como parte central del homenaje, se llevaron a cabo las guardias de honor. En primer lugar, participaron familiares de la Licenciada Susana Fern\u00e1ndez. Posteriormente, directivos de la Universidad del Altiplano realizaron la guardia correspondiente, con la presencia de la Doctora Patricia Fern\u00e1ndez y el Doctor H\u00e9ctor Alejandro Cisneros Fern\u00e1ndez, as\u00ed como del Maestro Maximino P\u00e9rez y coordinadores acad\u00e9micos. M\u00e1s adelante, el Instituto Independencia rindi\u00f3 su guardia de honor con la participaci\u00f3n de directivos de secundaria y bachillerato. Finalmente, el personal administrativo realiz\u00f3 la guardia correspondiente, encabezada por el coordinador de Planeaci\u00f3n y personal designado.<\/p>\n<p style=\"text-align: justify;\">Despu\u00e9s de las guardias de honor, se dio lectura a un mensaje a nombre de la familia y de la instituci\u00f3n, a cargo del maestro V\u00edctor Loranca.<\/p>\n<p style=\"text-align: justify;\">El homenaje concluy\u00f3 con la entrega de flores y un acompa\u00f1amiento musical. Las y los asistentes depositaron las flores frente al f\u00e9retro como un gesto simb\u00f3lico de despedida, memoria y reconocimiento al legado de la Licenciada Susana Fern\u00e1ndez, cuya huella permaneci\u00f3 en la vida acad\u00e9mica y humana de la Universidad del Altiplano.<\/p>\n","protected":false},"excerpt":{"rendered":"<p>La comunidad universitaria rinde homenaje a la Licenciada Susana Fern\u00e1ndez La Universidad del Altiplano despidi\u00f3 a la Licenciada Susana Fern\u00e1ndez con un homenaje institucional realizado en sus instalaciones, en el que participaron autoridades acad\u00e9micas, personal administrativo, estudiantes, exalumnas, exalumnos, as\u00ed como familiares y personas cercanas a quien en vida se desempe\u00f1\u00f3 como rectora y formadora [&hellip;]<\/p>\n","protected":false},"author":3,"featured_media":59624,"comment_status":"open","ping_status":"open","sticky":false,"template":"","format":"standard","meta":{"footnotes":""},"categories":[7],"tags":[],"class_list":["post-59623","post","type-post","status-publish","format-standard","has-post-thumbnail","hentry","category-ciudadanos"],"amp_enabled":true,"_links":{"self":[{"href":"https:\/\/labestiapolitica.com.mx\/index.php?rest_route=\/wp\/v2\/posts\/59623","targetHints":{"allow":["GET"]}}],"collection":[{"href":"https:\/\/labestiapolitica.com.mx\/index.php?rest_route=\/wp\/v2\/posts"}],"about":[{"href":"https:\/\/labestiapolitica.com.mx\/index.php?rest_route=\/wp\/v2\/types\/post"}],"author":[{"embeddable":true,"href":"https:\/\/labestiapolitica.com.mx\/index.php?rest_route=\/wp\/v2\/users\/3"}],"replies":[{"embeddable":true,"href":"https:\/\/labestiapolitica.com.mx\/index.php?rest_route=%2Fwp%2Fv2%2Fcomments&post=59623"}],"version-history":[{"count":1,"href":"https:\/\/labestiapolitica.com.mx\/index.php?rest_route=\/wp\/v2\/posts\/59623\/revisions"}],"predecessor-version":[{"id":59625,"href":"https:\/\/labestiapolitica.com.mx\/index.php?rest_route=\/wp\/v2\/posts\/59623\/revisions\/59625"}],"wp:featuredmedia":[{"embeddable":true,"href":"https:\/\/labestiapolitica.com.mx\/index.php?rest_route=\/wp\/v2\/media\/59624"}],"wp:attachment":[{"href":"https:\/\/labestiapolitica.com.mx\/index.php?rest_route=%2Fwp%2Fv2%2Fmedia&parent=59623"}],"wp:term":[{"taxonomy":"category","embeddable":true,"href":"https:\/\/labestiapolitica.com.mx\/index.php?rest_route=%2Fwp%2Fv2%2Fcategories&post=59623"},{"taxonomy":"post_tag","embeddable":true,"href":"https:\/\/labestiapolitica.com.mx\/index.php?rest_route=%2Fwp%2Fv2%2Ftags&post=59623"}],"curies":[{"name":"wp","href":"https:\/\/api.w.org\/{rel}","templated":true}]}}