{"id":59632,"date":"2026-01-27T11:48:24","date_gmt":"2026-01-27T17:48:24","guid":{"rendered":"https:\/\/labestiapolitica.com.mx\/?p=59632"},"modified":"2026-01-27T13:04:23","modified_gmt":"2026-01-27T19:04:23","slug":"pri-exige-estrategia-de-vacunacion-gobierno-de-sheinbaum-actua-tarde-y-fragmentado","status":"publish","type":"post","link":"https:\/\/labestiapolitica.com.mx\/?p=59632","title":{"rendered":"PRI exige estrategia de Vacunaci\u00f3n: \u00abGobierno de Sheinbaum Act\u00faa Tarde y Fragmentado\u00bb"},"content":{"rendered":"<blockquote>\n<p class=\"p1\" style=\"text-align: justify;\"><span class=\"s1\">Se\u00f1alan que brote de sarampi\u00f3n 2025-2026 es resultado de la falta de pol\u00edticas preventivas; M\u00e9xico podr\u00eda perder estatus de pa\u00eds libre de esta enfermedad.<\/span><\/p>\n<\/blockquote>\n<p class=\"p1\" style=\"text-align: justify;\"><span class=\"s1\">Mariana LOVERA\/\/ La dirigencia estatal del PRI, encabezada por Enrique Padilla, se uni\u00f3 al llamado de la dirigencia nacional para criticar duramente la pol\u00edtica de vacunaci\u00f3n del gobierno federal, encabezado por la presidenta Claudia Sheinbaum, a quien acusaron de manejar de manera \u00abdesastrosa\u00bb la salud p\u00fablica en M\u00e9xico.<\/span><\/p>\n<p class=\"p1\" style=\"text-align: justify;\"><span class=\"s1\">Los priistas se\u00f1alaron que, ante la ausencia de una estrategia nacional integral y preventiva, el pa\u00eds enfrenta una ca\u00edda sostenida en coberturas de vacunaci\u00f3n, lo que ha derivado en brotes como el de sarampi\u00f3n, con m\u00e1s de 7 mil casos confirmados en M\u00e9xico al 19 de enero de 2026, seg\u00fan datos citados de medios nacionales.<\/span><\/p>\n<p class=\"p1\" style=\"text-align: justify;\"><span class=\"s1\">Enrique Padilla, uni\u00e9ndose al discurso de la dirigencia nacional, enfatiz\u00f3 que las campa\u00f1as de vacunaci\u00f3n en la actual administraci\u00f3n se activan \u00abtarde y de forma fragmentada\u00bb, sin metas claras de cobertura ni seguimiento p\u00fablico, lo que contrasta con las pol\u00edticas aplicadas durante gobiernos priistas, que lograron erradicar el sarampi\u00f3n y la polio.<\/span><\/p>\n<p class=\"p1\" style=\"text-align: justify;\"><span class=\"s1\">El PRI destac\u00f3 que, durante el sexenio 2013-2018, se aplicaron 163.5 millones de vacunas, mientras que en 2025 solo se registraron 2.6 millones, una cifra diez veces menor. Adem\u00e1s, advirtieron que M\u00e9xico corre el riesgo de perder el estatus de \u00abpa\u00eds libre de sarampi\u00f3n\u00bb, conseguido gracias a estrategias de vacunaci\u00f3n anteriores.<\/span><\/p>\n<p class=\"p1\" style=\"text-align: justify;\"><span class=\"s1\">La conferencia cerr\u00f3 con un llamado urgente al gobierno federal para implementar una estrategia de salud p\u00fablica a largo plazo, que priorice la prevenci\u00f3n y garantice cobertura total en todo el territorio nacional, tal como se hac\u00eda, seg\u00fan recordaron, durante las administraciones priistas.<\/span><\/p>\n","protected":false},"excerpt":{"rendered":"<p>Se\u00f1alan que brote de sarampi\u00f3n 2025-2026 es resultado de la falta de pol\u00edticas preventivas; M\u00e9xico podr\u00eda perder estatus de pa\u00eds libre de esta enfermedad. Mariana LOVERA\/\/ La dirigencia estatal del PRI, encabezada por Enrique Padilla, se uni\u00f3 al llamado de la dirigencia nacional para criticar duramente la pol\u00edtica de vacunaci\u00f3n del gobierno federal, encabezado por [&hellip;]<\/p>\n","protected":false},"author":6,"featured_media":59634,"comment_status":"open","ping_status":"open","sticky":false,"template":"","format":"standard","meta":{"footnotes":""},"categories":[3,247,250],"tags":[],"class_list":["post-59632","post","type-post","status-publish","format-standard","has-post-thumbnail","hentry","category-8-columnas","category-politica","category-pri"],"amp_enabled":true,"_links":{"self":[{"href":"https:\/\/labestiapolitica.com.mx\/index.php?rest_route=\/wp\/v2\/posts\/59632","targetHints":{"allow":["GET"]}}],"collection":[{"href":"https:\/\/labestiapolitica.com.mx\/index.php?rest_route=\/wp\/v2\/posts"}],"about":[{"href":"https:\/\/labestiapolitica.com.mx\/index.php?rest_route=\/wp\/v2\/types\/post"}],"author":[{"embeddable":true,"href":"https:\/\/labestiapolitica.com.mx\/index.php?rest_route=\/wp\/v2\/users\/6"}],"replies":[{"embeddable":true,"href":"https:\/\/labestiapolitica.com.mx\/index.php?rest_route=%2Fwp%2Fv2%2Fcomments&post=59632"}],"version-history":[{"count":1,"href":"https:\/\/labestiapolitica.com.mx\/index.php?rest_route=\/wp\/v2\/posts\/59632\/revisions"}],"predecessor-version":[{"id":59633,"href":"https:\/\/labestiapolitica.com.mx\/index.php?rest_route=\/wp\/v2\/posts\/59632\/revisions\/59633"}],"wp:featuredmedia":[{"embeddable":true,"href":"https:\/\/labestiapolitica.com.mx\/index.php?rest_route=\/wp\/v2\/media\/59634"}],"wp:attachment":[{"href":"https:\/\/labestiapolitica.com.mx\/index.php?rest_route=%2Fwp%2Fv2%2Fmedia&parent=59632"}],"wp:term":[{"taxonomy":"category","embeddable":true,"href":"https:\/\/labestiapolitica.com.mx\/index.php?rest_route=%2Fwp%2Fv2%2Fcategories&post=59632"},{"taxonomy":"post_tag","embeddable":true,"href":"https:\/\/labestiapolitica.com.mx\/index.php?rest_route=%2Fwp%2Fv2%2Ftags&post=59632"}],"curies":[{"name":"wp","href":"https:\/\/api.w.org\/{rel}","templated":true}]}}