{"id":59640,"date":"2026-01-27T12:49:09","date_gmt":"2026-01-27T18:49:09","guid":{"rendered":"https:\/\/labestiapolitica.com.mx\/?p=59640"},"modified":"2026-01-27T13:05:14","modified_gmt":"2026-01-27T19:05:14","slug":"cuestiona-blanca-aguila-viajes-internacionales-de-la-gobernadora-y-exige-rendicion-de-cuentas","status":"publish","type":"post","link":"https:\/\/labestiapolitica.com.mx\/?p=59640","title":{"rendered":"Cuestiona Blanca \u00c1guila viajes internacionales de la gobernadora y exige rendici\u00f3n de cuentas"},"content":{"rendered":"<p style=\"text-align: justify;\">Mariana LOVERA\/\/ Desde la tribuna del Congreso local, la diputada independiente Blanca \u00c1guila cuestion\u00f3 los viajes internacionales realizados por la gobernadora Lorena Cu\u00e9llar, particularmente la reciente gira a Madrid, Espa\u00f1a, y pidi\u00f3 conocer con claridad cu\u00e1nto se ha gastado, qui\u00e9nes integran la comitiva oficial y cu\u00e1les han sido los beneficios reales para Tlaxcala.<\/p>\n<p style=\"text-align: justify;\">\nDurante su intervenci\u00f3n, la legisladora se\u00f1al\u00f3 que existe una creciente inquietud social y medi\u00e1tica sobre estos viajes, los cuales \u2014afirm\u00f3\u2014 se han justificado bajo el discurso de promoci\u00f3n tur\u00edstica, cultural y atracci\u00f3n de inversiones, pero sin que hasta ahora se presenten resultados medibles ni informaci\u00f3n detallada sobre su impacto econ\u00f3mico.<\/p>\n<p style=\"text-align: justify;\">\n\u00c1guila expuso que la gobernadora ha realizado al menos siete viajes internacionales desde el inicio de su administraci\u00f3n en septiembre de 2021, la mayor\u00eda con fines de promoci\u00f3n tur\u00edstica, vinculados a la marca \u201cTlaxcala S\u00ed Existe\u201d y a la gesti\u00f3n de eventos culturales y deportivos. Record\u00f3 visitas a Nueva York, Italia, el Vaticano, Los \u00c1ngeles y recientemente Madrid, donde particip\u00f3 en FITUR 2026.<\/p>\n<p style=\"text-align: justify;\">\nLa diputada cuestion\u00f3 que, pese a los anuncios oficiales sobre la firma de convenios y el presunto incremento del turismo, no se han dado a conocer estrategias claras, indicadores de desempe\u00f1o, contratos, cartas de intenci\u00f3n de inversi\u00f3n ni el retorno de cada peso gastado en estas giras.<\/p>\n<p style=\"text-align: justify;\">\nAsimismo, critic\u00f3 la integraci\u00f3n de amplias comitivas conformadas por secretarios, personal de cultura, turismo y comunicaci\u00f3n social, lo que \u2014dijo\u2014 incrementa los costos por vi\u00e1ticos, hospedaje, traslados y ausencias prolongadas de la mandataria del territorio estatal.<\/p>\n<p style=\"text-align: justify;\">\nEn su discurso, \u00c1guila calific\u00f3 estas giras como \u201cturismo pol\u00edtico\u201d y advirti\u00f3 que no pueden reducirse a contenido para redes sociales financiado con recursos p\u00fablicos, mientras en Tlaxcala persisten problemas de inseguridad, deterioro de carreteras y deficiencias en el sistema de salud.<\/p>\n<p style=\"text-align: justify;\">\nFinalmente, exigi\u00f3 un informe detallado y transparente de cada viaje internacional, incluyendo facturas, montos erogados, beneficios concretos y resultados verificables, subrayando que un viaje oficial no es una vacaci\u00f3n, sino una encomienda p\u00fablica que debe rendir cuentas a la ciudadan\u00eda.<\/p>\n","protected":false},"excerpt":{"rendered":"<p>Mariana LOVERA\/\/ Desde la tribuna del Congreso local, la diputada independiente Blanca \u00c1guila cuestion\u00f3 los viajes internacionales realizados por la gobernadora Lorena Cu\u00e9llar, particularmente la reciente gira a Madrid, Espa\u00f1a, y pidi\u00f3 conocer con claridad cu\u00e1nto se ha gastado, qui\u00e9nes integran la comitiva oficial y cu\u00e1les han sido los beneficios reales para Tlaxcala. Durante su [&hellip;]<\/p>\n","protected":false},"author":6,"featured_media":59641,"comment_status":"open","ping_status":"open","sticky":false,"template":"","format":"standard","meta":{"footnotes":""},"categories":[3,224],"tags":[],"class_list":["post-59640","post","type-post","status-publish","format-standard","has-post-thumbnail","hentry","category-8-columnas","category-congreso-del-estado-de-tlaxcala"],"amp_enabled":true,"_links":{"self":[{"href":"https:\/\/labestiapolitica.com.mx\/index.php?rest_route=\/wp\/v2\/posts\/59640","targetHints":{"allow":["GET"]}}],"collection":[{"href":"https:\/\/labestiapolitica.com.mx\/index.php?rest_route=\/wp\/v2\/posts"}],"about":[{"href":"https:\/\/labestiapolitica.com.mx\/index.php?rest_route=\/wp\/v2\/types\/post"}],"author":[{"embeddable":true,"href":"https:\/\/labestiapolitica.com.mx\/index.php?rest_route=\/wp\/v2\/users\/6"}],"replies":[{"embeddable":true,"href":"https:\/\/labestiapolitica.com.mx\/index.php?rest_route=%2Fwp%2Fv2%2Fcomments&post=59640"}],"version-history":[{"count":1,"href":"https:\/\/labestiapolitica.com.mx\/index.php?rest_route=\/wp\/v2\/posts\/59640\/revisions"}],"predecessor-version":[{"id":59642,"href":"https:\/\/labestiapolitica.com.mx\/index.php?rest_route=\/wp\/v2\/posts\/59640\/revisions\/59642"}],"wp:featuredmedia":[{"embeddable":true,"href":"https:\/\/labestiapolitica.com.mx\/index.php?rest_route=\/wp\/v2\/media\/59641"}],"wp:attachment":[{"href":"https:\/\/labestiapolitica.com.mx\/index.php?rest_route=%2Fwp%2Fv2%2Fmedia&parent=59640"}],"wp:term":[{"taxonomy":"category","embeddable":true,"href":"https:\/\/labestiapolitica.com.mx\/index.php?rest_route=%2Fwp%2Fv2%2Fcategories&post=59640"},{"taxonomy":"post_tag","embeddable":true,"href":"https:\/\/labestiapolitica.com.mx\/index.php?rest_route=%2Fwp%2Fv2%2Ftags&post=59640"}],"curies":[{"name":"wp","href":"https:\/\/api.w.org\/{rel}","templated":true}]}}