{"id":59647,"date":"2026-01-27T13:33:45","date_gmt":"2026-01-27T19:33:45","guid":{"rendered":"https:\/\/labestiapolitica.com.mx\/?p=59647"},"modified":"2026-01-27T13:33:45","modified_gmt":"2026-01-27T19:33:45","slug":"tres-posturas-frente-al-aborto-despenalizacion-vida-y-respeto-a-la-ley","status":"publish","type":"post","link":"https:\/\/labestiapolitica.com.mx\/?p=59647","title":{"rendered":"Tres posturas frente al aborto: Despenalizaci\u00f3n, vida y respeto a la ley"},"content":{"rendered":"<p style=\"text-align: justify;\">Ana S\u00e1nchez\/\/\u00a0 Las diputadas tlaxcaltecas expusieron\u00a0 posturas divergentes sobre la despenalizaci\u00f3n del aborto durante la mesa de an\u00e1lisis en el programa \u00abCaballo de Troya\u00bb, Laura Yamili Flores(PRD) se declar\u00f3 a favor de legislar al respecto, Blanca \u00c1guila (Independiente) se pronunci\u00f3 \u00aba favor de la vida\u00bb, y Miriam Mart\u00ednez (PAN) defendi\u00f3 la postura tradicional de su partido.<\/p>\n<p style=\"text-align: justify;\">Flores Lozano argument\u00f3 que existe una \u00abdeuda hist\u00f3rica\u00bb y que el Congreso local debe cumplir con los criterios de la Suprema Corte, que ya se pronunci\u00f3 sobre el tema, \u00abyo no quiero que las ni\u00f1as vayan a la c\u00e1rcel\u00bb, afirm\u00f3, y pidi\u00f3 al congreso legislar \u00absin miedo\u00bb y entrarle al debate, \u00abes su decisi\u00f3n\u00bb, concluy\u00f3.<\/p>\n<p style=\"text-align: justify;\">En contraposici\u00f3n, Blanca \u00c1guila se pronunci\u00f3 \u00aba favor de la vida\u00bb m\u00e1s all\u00e1 de las dos causales actuales (riesgo de vida de la madre y violaci\u00f3n), \u00abel crecimiento de una nueva vida no forma parte de su cuerpo\u00bb, argument\u00f3, se\u00f1alando los riesgos m\u00e9dicos y el trauma psicol\u00f3gico, adem\u00e1s defendi\u00f3 el derecho a la objeci\u00f3n de conciencia del personal m\u00e9dico.<\/p>\n<p style=\"text-align: justify;\">Miriam Mart\u00ednez, por su parte, sostuvo la postura del PAN: \u00abEn Acci\u00f3n Nacional siempre vamos a defender la vida desde el primer minuto, desde el primer segundo que existe la fecundaci\u00f3n\u00bb, aclar\u00f3 que respetan las decisiones sobre el cuerpo, pero que su bancada buscar\u00e1 que no se criminalice a la mujer, al tiempo que defendi\u00f3 \u00absiempre la vida y la familia\u00bb.<\/p>\n","protected":false},"excerpt":{"rendered":"<p>Ana S\u00e1nchez\/\/\u00a0 Las diputadas tlaxcaltecas expusieron\u00a0 posturas divergentes sobre la despenalizaci\u00f3n del aborto durante la mesa de an\u00e1lisis en el programa \u00abCaballo de Troya\u00bb, Laura Yamili Flores(PRD) se declar\u00f3 a favor de legislar al respecto, Blanca \u00c1guila (Independiente) se pronunci\u00f3 \u00aba favor de la vida\u00bb, y Miriam Mart\u00ednez (PAN) defendi\u00f3 la postura tradicional de su [&hellip;]<\/p>\n","protected":false},"author":3,"featured_media":59648,"comment_status":"open","ping_status":"open","sticky":false,"template":"","format":"standard","meta":{"footnotes":""},"categories":[3,7],"tags":[],"class_list":["post-59647","post","type-post","status-publish","format-standard","has-post-thumbnail","hentry","category-8-columnas","category-ciudadanos"],"amp_enabled":true,"_links":{"self":[{"href":"https:\/\/labestiapolitica.com.mx\/index.php?rest_route=\/wp\/v2\/posts\/59647","targetHints":{"allow":["GET"]}}],"collection":[{"href":"https:\/\/labestiapolitica.com.mx\/index.php?rest_route=\/wp\/v2\/posts"}],"about":[{"href":"https:\/\/labestiapolitica.com.mx\/index.php?rest_route=\/wp\/v2\/types\/post"}],"author":[{"embeddable":true,"href":"https:\/\/labestiapolitica.com.mx\/index.php?rest_route=\/wp\/v2\/users\/3"}],"replies":[{"embeddable":true,"href":"https:\/\/labestiapolitica.com.mx\/index.php?rest_route=%2Fwp%2Fv2%2Fcomments&post=59647"}],"version-history":[{"count":1,"href":"https:\/\/labestiapolitica.com.mx\/index.php?rest_route=\/wp\/v2\/posts\/59647\/revisions"}],"predecessor-version":[{"id":59649,"href":"https:\/\/labestiapolitica.com.mx\/index.php?rest_route=\/wp\/v2\/posts\/59647\/revisions\/59649"}],"wp:featuredmedia":[{"embeddable":true,"href":"https:\/\/labestiapolitica.com.mx\/index.php?rest_route=\/wp\/v2\/media\/59648"}],"wp:attachment":[{"href":"https:\/\/labestiapolitica.com.mx\/index.php?rest_route=%2Fwp%2Fv2%2Fmedia&parent=59647"}],"wp:term":[{"taxonomy":"category","embeddable":true,"href":"https:\/\/labestiapolitica.com.mx\/index.php?rest_route=%2Fwp%2Fv2%2Fcategories&post=59647"},{"taxonomy":"post_tag","embeddable":true,"href":"https:\/\/labestiapolitica.com.mx\/index.php?rest_route=%2Fwp%2Fv2%2Ftags&post=59647"}],"curies":[{"name":"wp","href":"https:\/\/api.w.org\/{rel}","templated":true}]}}