{"id":59656,"date":"2026-01-27T13:57:39","date_gmt":"2026-01-27T19:57:39","guid":{"rendered":"https:\/\/labestiapolitica.com.mx\/?p=59656"},"modified":"2026-01-27T13:57:39","modified_gmt":"2026-01-27T19:57:39","slug":"las-aspiraciones-a-la-gubernatura-se-asoman-aqui-las-posturas-desde-la-oposicion","status":"publish","type":"post","link":"https:\/\/labestiapolitica.com.mx\/?p=59656","title":{"rendered":"Las aspiraciones a la gubernatura se asoman, aqu\u00ed las posturas desde la oposici\u00f3n"},"content":{"rendered":"<p style=\"text-align: justify;\">Ana S\u00e1nchez \/\/ Las diputadas Miriam Mart\u00ednez (PAN), Laura Yamili Flores (PRD) y Blanca \u00c1guila (Independiente) no escondieron sus aspiraciones pol\u00edticas de cara al proceso electoral de 2027, aunque con matices distintos sobre su posible candidatura a la gubernatura.<\/p>\n<p style=\"text-align: justify;\">Ante la pregunta directa, Miriam Mart\u00ednez respondi\u00f3: \u00abPor supuesto que s\u00ed&#8230; todos los que aspiramos, suspiramos con mucho orgullo estar al frente de nuestro estado\u00bb, se declar\u00f3 capaz de enfrentar a Morena y asegur\u00f3 que se requiere de \u00abun equipo tlaxcalteca para dar resultados\u00bb.<\/p>\n<p style=\"text-align: justify;\">La perredista Laura Yamili Flores fue igualmente clara: \u00abAlzo la mano siempre, no la he bajado desde que estoy en pol\u00edtica\u00bb, aclar\u00f3 que no sabe si su nombre estar\u00e1 en las boletas, pero se asume como una \u00abparticipante activa, muy activa\u00bb en las elecciones, porque \u00abTlaxcala tiene que cambiar\u00bb.<\/p>\n<p style=\"text-align: justify;\">Por su parte la diputada y l\u00edder sindical Blanca \u00c1guila, sin un partido que la respalde por el momento, fue m\u00e1s cauta, pero afirm\u00f3: \u00abSoy una mujer con aspiraciones&#8230; tengo la capacidad y la trayectoria para poder levantar la mano\u00bb, dijo que su camino es \u00abmuy pedregoso\u00bb como independiente, pero que trabajar\u00e1 para que llegue a Tlaxcala un gobierno sensible y honesto.<\/p>\n","protected":false},"excerpt":{"rendered":"<p>Ana S\u00e1nchez \/\/ Las diputadas Miriam Mart\u00ednez (PAN), Laura Yamili Flores (PRD) y Blanca \u00c1guila (Independiente) no escondieron sus aspiraciones pol\u00edticas de cara al proceso electoral de 2027, aunque con matices distintos sobre su posible candidatura a la gubernatura. Ante la pregunta directa, Miriam Mart\u00ednez respondi\u00f3: \u00abPor supuesto que s\u00ed&#8230; todos los que aspiramos, suspiramos [&hellip;]<\/p>\n","protected":false},"author":3,"featured_media":59663,"comment_status":"open","ping_status":"open","sticky":false,"template":"","format":"standard","meta":{"footnotes":""},"categories":[3,7],"tags":[],"class_list":["post-59656","post","type-post","status-publish","format-standard","has-post-thumbnail","hentry","category-8-columnas","category-ciudadanos"],"amp_enabled":true,"_links":{"self":[{"href":"https:\/\/labestiapolitica.com.mx\/index.php?rest_route=\/wp\/v2\/posts\/59656","targetHints":{"allow":["GET"]}}],"collection":[{"href":"https:\/\/labestiapolitica.com.mx\/index.php?rest_route=\/wp\/v2\/posts"}],"about":[{"href":"https:\/\/labestiapolitica.com.mx\/index.php?rest_route=\/wp\/v2\/types\/post"}],"author":[{"embeddable":true,"href":"https:\/\/labestiapolitica.com.mx\/index.php?rest_route=\/wp\/v2\/users\/3"}],"replies":[{"embeddable":true,"href":"https:\/\/labestiapolitica.com.mx\/index.php?rest_route=%2Fwp%2Fv2%2Fcomments&post=59656"}],"version-history":[{"count":1,"href":"https:\/\/labestiapolitica.com.mx\/index.php?rest_route=\/wp\/v2\/posts\/59656\/revisions"}],"predecessor-version":[{"id":59664,"href":"https:\/\/labestiapolitica.com.mx\/index.php?rest_route=\/wp\/v2\/posts\/59656\/revisions\/59664"}],"wp:featuredmedia":[{"embeddable":true,"href":"https:\/\/labestiapolitica.com.mx\/index.php?rest_route=\/wp\/v2\/media\/59663"}],"wp:attachment":[{"href":"https:\/\/labestiapolitica.com.mx\/index.php?rest_route=%2Fwp%2Fv2%2Fmedia&parent=59656"}],"wp:term":[{"taxonomy":"category","embeddable":true,"href":"https:\/\/labestiapolitica.com.mx\/index.php?rest_route=%2Fwp%2Fv2%2Fcategories&post=59656"},{"taxonomy":"post_tag","embeddable":true,"href":"https:\/\/labestiapolitica.com.mx\/index.php?rest_route=%2Fwp%2Fv2%2Ftags&post=59656"}],"curies":[{"name":"wp","href":"https:\/\/api.w.org\/{rel}","templated":true}]}}