{"id":59696,"date":"2026-01-27T14:38:38","date_gmt":"2026-01-27T20:38:38","guid":{"rendered":"https:\/\/labestiapolitica.com.mx\/?p=59696"},"modified":"2026-01-27T14:38:51","modified_gmt":"2026-01-27T20:38:51","slug":"rechaza-gobierno-turismo-politico-en-viaje-a-fitur","status":"publish","type":"post","link":"https:\/\/labestiapolitica.com.mx\/?p=59696","title":{"rendered":"Rechaza gobierno \u00abturismo pol\u00edtico\u00bb en viaje a FITUR"},"content":{"rendered":"<ul>\n<li style=\"text-align: justify;\">Defiende inversi\u00f3n de 5 MDP<\/li>\n<\/ul>\n<p style=\"text-align: justify;\">Ana S\u00e1nchez \/\/ El gobierno del estado rechaz\u00f3 las acusaciones de \u00abturismo pol\u00edtico\u00bb por la participaci\u00f3n de funcionarios en la Feria Internacional de Turismo (FITUR) en Espa\u00f1a, y defendi\u00f3 la inversi\u00f3n de aproximadamente 5 millones de pesos como una estrategia necesaria para promover al estado a nivel global.<\/p>\n<p style=\"text-align: justify;\">Antonio Mart\u00ednez Vel\u00e1zquez, coordinador de Comunicaci\u00f3n del gobierno estatal, respondi\u00f3 as\u00ed a las cr\u00edticas p\u00fablicas de la diputada independiente Blanca \u00c1guila Lima, quien cuestion\u00f3 en tribuna la transparencia y el prop\u00f3sito de estos viajes. \u00abNo, no es turismo pol\u00edtico, es otra cosa\u00bb, afirm\u00f3 el funcionario.<\/p>\n<p style=\"text-align: justify;\">Mart\u00ednez Vel\u00e1zquez argument\u00f3 que la presencia en foros internacionales como FITUR es una \u00abinversi\u00f3n\u00bb, no un gasto, cuyos resultados se reflejan en n\u00fameros.<\/p>\n<p style=\"text-align: justify;\">Cit\u00f3 el informe de gobierno, que reporta un aumento importante en turistas extranjeros y una derrama econ\u00f3mica cercana a los tres mil millones de pesos en cuatro a\u00f1os.<\/p>\n<p style=\"text-align: justify;\">Para ofrecer mayores detalles, anunci\u00f3 que el secretario de Turismo estatal ofrecer\u00e1 una conferencia para transparentar los pormenores y costos de la participaci\u00f3n tlaxcalteca en la feria internacional.<\/p>\n<p style=\"text-align: justify;\">La defensa del gobierno llega en un contexto de creciente escrutinio sobre el uso de recursos para viajes oficiales, buscando diferenciar lo que califican como \u00abpromoci\u00f3n estrat\u00e9gica\u00bb de lo que sus cr\u00edticos se\u00f1alan como giras sin resultados concretos para la ciudadan\u00eda.<\/p>\n","protected":false},"excerpt":{"rendered":"<p>Defiende inversi\u00f3n de 5 MDP Ana S\u00e1nchez \/\/ El gobierno del estado rechaz\u00f3 las acusaciones de \u00abturismo pol\u00edtico\u00bb por la participaci\u00f3n de funcionarios en la Feria Internacional de Turismo (FITUR) en Espa\u00f1a, y defendi\u00f3 la inversi\u00f3n de aproximadamente 5 millones de pesos como una estrategia necesaria para promover al estado a nivel global. Antonio Mart\u00ednez [&hellip;]<\/p>\n","protected":false},"author":3,"featured_media":59697,"comment_status":"open","ping_status":"open","sticky":false,"template":"","format":"standard","meta":{"footnotes":""},"categories":[3,7],"tags":[],"class_list":["post-59696","post","type-post","status-publish","format-standard","has-post-thumbnail","hentry","category-8-columnas","category-ciudadanos"],"amp_enabled":true,"_links":{"self":[{"href":"https:\/\/labestiapolitica.com.mx\/index.php?rest_route=\/wp\/v2\/posts\/59696","targetHints":{"allow":["GET"]}}],"collection":[{"href":"https:\/\/labestiapolitica.com.mx\/index.php?rest_route=\/wp\/v2\/posts"}],"about":[{"href":"https:\/\/labestiapolitica.com.mx\/index.php?rest_route=\/wp\/v2\/types\/post"}],"author":[{"embeddable":true,"href":"https:\/\/labestiapolitica.com.mx\/index.php?rest_route=\/wp\/v2\/users\/3"}],"replies":[{"embeddable":true,"href":"https:\/\/labestiapolitica.com.mx\/index.php?rest_route=%2Fwp%2Fv2%2Fcomments&post=59696"}],"version-history":[{"count":2,"href":"https:\/\/labestiapolitica.com.mx\/index.php?rest_route=\/wp\/v2\/posts\/59696\/revisions"}],"predecessor-version":[{"id":59699,"href":"https:\/\/labestiapolitica.com.mx\/index.php?rest_route=\/wp\/v2\/posts\/59696\/revisions\/59699"}],"wp:featuredmedia":[{"embeddable":true,"href":"https:\/\/labestiapolitica.com.mx\/index.php?rest_route=\/wp\/v2\/media\/59697"}],"wp:attachment":[{"href":"https:\/\/labestiapolitica.com.mx\/index.php?rest_route=%2Fwp%2Fv2%2Fmedia&parent=59696"}],"wp:term":[{"taxonomy":"category","embeddable":true,"href":"https:\/\/labestiapolitica.com.mx\/index.php?rest_route=%2Fwp%2Fv2%2Fcategories&post=59696"},{"taxonomy":"post_tag","embeddable":true,"href":"https:\/\/labestiapolitica.com.mx\/index.php?rest_route=%2Fwp%2Fv2%2Ftags&post=59696"}],"curies":[{"name":"wp","href":"https:\/\/api.w.org\/{rel}","templated":true}]}}