{"id":59700,"date":"2026-01-27T14:53:42","date_gmt":"2026-01-27T20:53:42","guid":{"rendered":"https:\/\/labestiapolitica.com.mx\/?p=59700"},"modified":"2026-01-27T14:53:42","modified_gmt":"2026-01-27T20:53:42","slug":"brinda-gobierno-acompanamiento-a-funcionarios-comunitarios-tras-atentados","status":"publish","type":"post","link":"https:\/\/labestiapolitica.com.mx\/?p=59700","title":{"rendered":"Brinda Gobierno acompa\u00f1amiento a funcionarios comunitarios tras atentados"},"content":{"rendered":"<p style=\"text-align: justify;\">Ana S\u00e1nchez \/\/ Tras el ataque armado contra el presidente de comunidad de San Mateo Ayecac, perteneciente al municipio de Tepetitla de Lardiz\u00e1bal, y el incendio provocado al autom\u00f3vil particular del presidente de comunidad de San Felipe Cuauhtenco, municipio de Contla, el gobierno del estado afirm\u00f3 que, a trav\u00e9s de la Secretar\u00eda de Gobierno, eval\u00faa el riesgo de cada funcionario para determinar el tipo de acompa\u00f1amiento y protecci\u00f3n que requiere, sin confirmar si la v\u00edctima ten\u00eda amenazas previas.<\/p>\n<p style=\"text-align: justify;\">Cuestionando por representantes de los medios de comunicacion Antonio Mart\u00ednez Vel\u00e1zquez, coordinador de Comunicaci\u00f3n del gobierno, declar\u00f3 que \u00abde momento\u00bb no hay m\u00e1s peticiones de protecci\u00f3n por parte de otros funcionarios, y que los casos de extorsi\u00f3n v\u00eda WhatsApp a exfuncionarios son atendidos por una unidad especializada.<\/p>\n<p style=\"text-align: justify;\">Sobre el incremento de agresiones a autoridades municipales, el portavoz gubernamental minimiz\u00f3 que exista una tendencia, \u00abson hechos aislados que a veces no necesariamente tienen que ver con su ejercicio p\u00fablico, quiz\u00e1 tengan que ver con otro tema\u00bb, asegur\u00f3.<\/p>\n<p style=\"text-align: justify;\">El funcionario pidi\u00f3 tratar cada caso \u00aben su particular\u00bb y neg\u00f3 que la situaci\u00f3n est\u00e9 generalizada.<\/p>\n<p style=\"text-align: justify;\">Respecto a la posibilidad de implementar el mando \u00fanico o coordinado en Tepetitla de Lardiz\u00e1bal tras la gravedad del ataque, Mart\u00ednez Vel\u00e1zquez indic\u00f3 que el tema se eval\u00faa en la mesa de seguridad estatal, pero aclar\u00f3 que el municipio no ha solicitado formalmente dicho esquema.<\/p>\n<p style=\"text-align: justify;\">Record\u00f3 que otros municipios como Calpulalpan, Tecopilco y El Carmen Tequexquitla ya operan con mando coordinado.<\/p>\n<p style=\"text-align: justify;\">Finalmente, al ser cuestionado sobre el n\u00famero de funcionarios atacados durante el sexenio, el coordinador de Comunicaci\u00f3n admiti\u00f3 no tener la cifra precisa a la mano, pero asegur\u00f3 que todos los casos han sido informados, al tiempo que reiter\u00f3 el compromiso del gobierno para que los funcionarios electos puedan servir \u00abcon la mayor seguridad posible\u00bb.<\/p>\n","protected":false},"excerpt":{"rendered":"<p>Ana S\u00e1nchez \/\/ Tras el ataque armado contra el presidente de comunidad de San Mateo Ayecac, perteneciente al municipio de Tepetitla de Lardiz\u00e1bal, y el incendio provocado al autom\u00f3vil particular del presidente de comunidad de San Felipe Cuauhtenco, municipio de Contla, el gobierno del estado afirm\u00f3 que, a trav\u00e9s de la Secretar\u00eda de Gobierno, eval\u00faa [&hellip;]<\/p>\n","protected":false},"author":3,"featured_media":59712,"comment_status":"open","ping_status":"open","sticky":false,"template":"","format":"standard","meta":{"footnotes":""},"categories":[3,7],"tags":[],"class_list":["post-59700","post","type-post","status-publish","format-standard","has-post-thumbnail","hentry","category-8-columnas","category-ciudadanos"],"amp_enabled":true,"_links":{"self":[{"href":"https:\/\/labestiapolitica.com.mx\/index.php?rest_route=\/wp\/v2\/posts\/59700","targetHints":{"allow":["GET"]}}],"collection":[{"href":"https:\/\/labestiapolitica.com.mx\/index.php?rest_route=\/wp\/v2\/posts"}],"about":[{"href":"https:\/\/labestiapolitica.com.mx\/index.php?rest_route=\/wp\/v2\/types\/post"}],"author":[{"embeddable":true,"href":"https:\/\/labestiapolitica.com.mx\/index.php?rest_route=\/wp\/v2\/users\/3"}],"replies":[{"embeddable":true,"href":"https:\/\/labestiapolitica.com.mx\/index.php?rest_route=%2Fwp%2Fv2%2Fcomments&post=59700"}],"version-history":[{"count":1,"href":"https:\/\/labestiapolitica.com.mx\/index.php?rest_route=\/wp\/v2\/posts\/59700\/revisions"}],"predecessor-version":[{"id":59713,"href":"https:\/\/labestiapolitica.com.mx\/index.php?rest_route=\/wp\/v2\/posts\/59700\/revisions\/59713"}],"wp:featuredmedia":[{"embeddable":true,"href":"https:\/\/labestiapolitica.com.mx\/index.php?rest_route=\/wp\/v2\/media\/59712"}],"wp:attachment":[{"href":"https:\/\/labestiapolitica.com.mx\/index.php?rest_route=%2Fwp%2Fv2%2Fmedia&parent=59700"}],"wp:term":[{"taxonomy":"category","embeddable":true,"href":"https:\/\/labestiapolitica.com.mx\/index.php?rest_route=%2Fwp%2Fv2%2Fcategories&post=59700"},{"taxonomy":"post_tag","embeddable":true,"href":"https:\/\/labestiapolitica.com.mx\/index.php?rest_route=%2Fwp%2Fv2%2Ftags&post=59700"}],"curies":[{"name":"wp","href":"https:\/\/api.w.org\/{rel}","templated":true}]}}