{"id":59707,"date":"2026-01-27T14:50:39","date_gmt":"2026-01-27T20:50:39","guid":{"rendered":"https:\/\/labestiapolitica.com.mx\/?p=59707"},"modified":"2026-01-27T14:50:39","modified_gmt":"2026-01-27T20:50:39","slug":"%f0%9f%8e%93%f0%9f%87%b2%f0%9f%87%bd-invertir-en-las-y-los-jovenes-es-asegurar-el-futuro-de-tlaxcala-y-de-mexico-ana-lilia-rivera","status":"publish","type":"post","link":"https:\/\/labestiapolitica.com.mx\/?p=59707","title":{"rendered":"\ud83c\udf93\ud83c\uddf2\ud83c\uddfd Invertir en las y los j\u00f3venes es asegurar el futuro de Tlaxcala y de M\u00e9xico: Ana Lilia Rivera"},"content":{"rendered":"<p style=\"text-align: justify;\" data-start=\"219\" data-end=\"498\">La senadora tlaxcalteca <strong data-start=\"243\" data-end=\"270\">Ana Lilia Rivera Rivera<\/strong> refrend\u00f3 su respaldo a la permanencia de las <strong data-start=\"316\" data-end=\"339\">Becas del Bienestar<\/strong> dirigidas a j\u00f3venes, al se\u00f1alar que estos programas representan una inversi\u00f3n social estrat\u00e9gica que impacta directamente en el futuro de Tlaxcala y del pa\u00eds.<\/p>\n<p style=\"text-align: justify;\" data-start=\"500\" data-end=\"781\">La legisladora destac\u00f3 que estos apoyos no solo fomentan la permanencia educativa y la capacitaci\u00f3n para el empleo, sino que tambi\u00e9n ofrecen <strong data-start=\"641\" data-end=\"678\">alternativas reales de desarrollo<\/strong>, contribuyendo a prevenir que las juventudes caigan en din\u00e1micas de exclusi\u00f3n, violencia o adicciones.<\/p>\n<p style=\"text-align: justify;\" data-start=\"783\" data-end=\"1152\">Rivera Rivera subray\u00f3 que, aunque se trata de programas de alcance nacional, su impacto en Tlaxcala es especialmente relevante. De acuerdo con el <strong data-start=\"929\" data-end=\"977\">Censo de Poblaci\u00f3n y Vivienda 2020 del INEGI<\/strong>, en la entidad habitan aproximadamente <strong data-start=\"1017\" data-end=\"1062\">266 mil 678 j\u00f3venes de entre 18 y 29 a\u00f1os<\/strong>, un sector significativo que puede beneficiarse directamente de estas pol\u00edticas p\u00fablicas.<\/p>\n<p style=\"text-align: justify;\" data-start=\"1154\" data-end=\"1464\">La senadora record\u00f3 que particip\u00f3 activamente en el proceso legislativo que permiti\u00f3 <strong data-start=\"1239\" data-end=\"1306\">elevar estos apoyos a la categor\u00eda de derechos constitucionales<\/strong>, lo que garantiza su continuidad m\u00e1s all\u00e1 de coyunturas pol\u00edticas y responde a una visi\u00f3n de Estado que reconoce a las juventudes como un sector prioritario.<\/p>\n<p style=\"text-align: justify;\" data-start=\"1466\" data-end=\"1878\">Asimismo, reconoci\u00f3 que existen posturas que han planteado la eliminaci\u00f3n de programas como <strong data-start=\"1558\" data-end=\"1592\">J\u00f3venes Construyendo el Futuro<\/strong>; sin embargo, sostuvo que estos apoyos son fundamentales, ya que <strong data-start=\"1658\" data-end=\"1773\">fomentan la capacitaci\u00f3n laboral, facilitan la adquisici\u00f3n de experiencia y ampl\u00edan las oportunidades de empleo<\/strong>, especialmente para quienes hist\u00f3ricamente han enfrentado mayores barreras de acceso al mercado laboral.<\/p>\n<p style=\"text-align: justify;\" data-start=\"1880\" data-end=\"2179\">Finalmente, Ana Lilia Rivera se\u00f1al\u00f3 que las y los j\u00f3venes beneficiarios de estos programas tambi\u00e9n pueden incorporarse a <strong data-start=\"2001\" data-end=\"2039\">actividades de alto impacto social<\/strong>, como la educaci\u00f3n comunitaria para combatir el analfabetismo y otras acciones que fortalecen el desarrollo social de Tlaxcala y de M\u00e9xico.<\/p>\n<p data-start=\"1880\" data-end=\"2179\"><img loading=\"lazy\" decoding=\"async\" class=\"alignnone size-full wp-image-59709\" src=\"https:\/\/labestiapolitica.com.mx\/wp-content\/uploads\/2026\/01\/WhatsApp-Image-2026-01-27-at-2.14.10-PM.jpeg\" alt=\"\" width=\"1600\" height=\"1133\" srcset=\"https:\/\/labestiapolitica.com.mx\/wp-content\/uploads\/2026\/01\/WhatsApp-Image-2026-01-27-at-2.14.10-PM.jpeg 1600w, https:\/\/labestiapolitica.com.mx\/wp-content\/uploads\/2026\/01\/WhatsApp-Image-2026-01-27-at-2.14.10-PM-300x212.jpeg 300w, https:\/\/labestiapolitica.com.mx\/wp-content\/uploads\/2026\/01\/WhatsApp-Image-2026-01-27-at-2.14.10-PM-1024x725.jpeg 1024w, https:\/\/labestiapolitica.com.mx\/wp-content\/uploads\/2026\/01\/WhatsApp-Image-2026-01-27-at-2.14.10-PM-768x544.jpeg 768w, https:\/\/labestiapolitica.com.mx\/wp-content\/uploads\/2026\/01\/WhatsApp-Image-2026-01-27-at-2.14.10-PM-1536x1088.jpeg 1536w\" sizes=\"auto, (max-width: 1600px) 100vw, 1600px\" \/><\/p>\n","protected":false},"excerpt":{"rendered":"<p>La senadora tlaxcalteca Ana Lilia Rivera Rivera refrend\u00f3 su respaldo a la permanencia de las Becas del Bienestar dirigidas a j\u00f3venes, al se\u00f1alar que estos programas representan una inversi\u00f3n social estrat\u00e9gica que impacta directamente en el futuro de Tlaxcala y del pa\u00eds. La legisladora destac\u00f3 que estos apoyos no solo fomentan la permanencia educativa y [&hellip;]<\/p>\n","protected":false},"author":3,"featured_media":59708,"comment_status":"open","ping_status":"open","sticky":false,"template":"","format":"standard","meta":{"footnotes":""},"categories":[249,247],"tags":[],"class_list":["post-59707","post","type-post","status-publish","format-standard","has-post-thumbnail","hentry","category-morena","category-politica"],"amp_enabled":true,"_links":{"self":[{"href":"https:\/\/labestiapolitica.com.mx\/index.php?rest_route=\/wp\/v2\/posts\/59707","targetHints":{"allow":["GET"]}}],"collection":[{"href":"https:\/\/labestiapolitica.com.mx\/index.php?rest_route=\/wp\/v2\/posts"}],"about":[{"href":"https:\/\/labestiapolitica.com.mx\/index.php?rest_route=\/wp\/v2\/types\/post"}],"author":[{"embeddable":true,"href":"https:\/\/labestiapolitica.com.mx\/index.php?rest_route=\/wp\/v2\/users\/3"}],"replies":[{"embeddable":true,"href":"https:\/\/labestiapolitica.com.mx\/index.php?rest_route=%2Fwp%2Fv2%2Fcomments&post=59707"}],"version-history":[{"count":1,"href":"https:\/\/labestiapolitica.com.mx\/index.php?rest_route=\/wp\/v2\/posts\/59707\/revisions"}],"predecessor-version":[{"id":59710,"href":"https:\/\/labestiapolitica.com.mx\/index.php?rest_route=\/wp\/v2\/posts\/59707\/revisions\/59710"}],"wp:featuredmedia":[{"embeddable":true,"href":"https:\/\/labestiapolitica.com.mx\/index.php?rest_route=\/wp\/v2\/media\/59708"}],"wp:attachment":[{"href":"https:\/\/labestiapolitica.com.mx\/index.php?rest_route=%2Fwp%2Fv2%2Fmedia&parent=59707"}],"wp:term":[{"taxonomy":"category","embeddable":true,"href":"https:\/\/labestiapolitica.com.mx\/index.php?rest_route=%2Fwp%2Fv2%2Fcategories&post=59707"},{"taxonomy":"post_tag","embeddable":true,"href":"https:\/\/labestiapolitica.com.mx\/index.php?rest_route=%2Fwp%2Fv2%2Ftags&post=59707"}],"curies":[{"name":"wp","href":"https:\/\/api.w.org\/{rel}","templated":true}]}}