{"id":59769,"date":"2026-01-27T23:49:53","date_gmt":"2026-01-28T05:49:53","guid":{"rendered":"https:\/\/labestiapolitica.com.mx\/?p=59769"},"modified":"2026-01-27T23:49:53","modified_gmt":"2026-01-28T05:49:53","slug":"condena-pan-tlaxcala-agresiones-contra-presidentes-de-comunidad","status":"publish","type":"post","link":"https:\/\/labestiapolitica.com.mx\/?p=59769","title":{"rendered":"Condena PAN Tlaxcala agresiones contra presidentes de comunidad."},"content":{"rendered":"<div class=\"xdj266r x14z9mp xat24cr x1lziwak x1vvkbs x126k92a\">\n<ul>\n<li dir=\"auto\" style=\"text-align: justify;\">Llama a las autoridades competentes esclarecer los hechos con prontitud.<\/li>\n<\/ul>\n<\/div>\n<div class=\"x14z9mp xat24cr x1lziwak x1vvkbs xtlvy1s x126k92a\" style=\"text-align: justify;\">\n<div dir=\"auto\">El Partido Acci\u00f3n Nacional en Tlaxcala, a trav\u00e9s de su dirigente estatal \u00c1ngelo Guti\u00e9rrez Hern\u00e1ndez, conden\u00f3 en\u00e9rgicamente dos hechos de violencia registrados en d\u00edas recientes contra autoridades comunitarias: el ataque armado contra un representante popular del Ayuntamiento de Tepetitla de Lardiz\u00e1bal, ocurrido la noche del 26 de enero, y el incendio intencional del veh\u00edculo del presidente de comunidad de San Felipe Cuauhtenco de Contla, perpetrado el 24 de enero.<\/div>\n<div dir=\"auto\"><\/div>\n<\/div>\n<div class=\"x14z9mp xat24cr x1lziwak x1vvkbs xtlvy1s x126k92a\" style=\"text-align: justify;\">\n<div dir=\"auto\">Mediante un posicionamiento oficial, el PAN Tlaxcala expres\u00f3 su solidaridad con las v\u00edctimas, sus familias y las comunidades afectadas, y manifest\u00f3 su respaldo total a las y los presidentes de comunidad y autoridades municipales de todo el estado.<\/div>\n<div dir=\"auto\"><\/div>\n<\/div>\n<div class=\"x14z9mp xat24cr x1lziwak x1vvkbs xtlvy1s x126k92a\" style=\"text-align: justify;\">\n<div dir=\"auto\">Asimismo, el partido hizo un llamado firme a las autoridades competentes para reforzar de manera inmediata las acciones de seguridad, esclarecer los hechos con prontitud y garantizar la protecci\u00f3n de quienes sirven a sus comunidades, as\u00ed como el acceso efectivo a la justicia para que estos atentados no queden impunes.<\/div>\n<div dir=\"auto\"><\/div>\n<\/div>\n<div class=\"x14z9mp xat24cr x1lziwak x1vvkbs xtlvy1s x126k92a\" style=\"text-align: justify;\">\n<div dir=\"auto\">Recordar que el presidente de comunidad de San Mateo Ayecac, municipio de Tepetitla, Eduardo N., se encuentra luchando por su vida en un hospital, luego de ser v\u00edctima de un ataque directo con arma de fuego. El atentado ocurri\u00f3 cuando llegaba a su domicilio, momento en el que dos sujetos a bordo de una motocicleta le dispararon en repetidas ocasiones para despu\u00e9s huir con rumbo desconocido.<\/div>\n<div dir=\"auto\"><\/div>\n<\/div>\n<div class=\"x14z9mp xat24cr x1lziwak x1vvkbs xtlvy1s x126k92a\" style=\"text-align: justify;\">\n<div dir=\"auto\">En cuanto al segundo hecho, se inform\u00f3 que el autom\u00f3vil particular del presidente de comunidad de San Felipe Cuauhtenco, Oswaldo Galicia Cuamatzi, fue incendiado de manera intencional la noche del s\u00e1bado 24 de enero, luego de que personas desconocidas arrojaron material inflamable al interior de la unidad, provocando da\u00f1os materiales de consideraci\u00f3n.<\/div>\n<div dir=\"auto\"><\/div>\n<\/div>\n<div class=\"x14z9mp xat24cr x1lziwak x1vvkbs xtlvy1s x126k92a\">\n<div dir=\"auto\" style=\"text-align: justify;\">El PAN Tlaxcala reiter\u00f3 su compromiso con la legalidad, la paz y la seguridad p\u00fablica, y confi\u00f3 en que las instituciones actuar\u00e1n con responsabilidad y determinaci\u00f3n para salvaguardar la integridad de las autoridades locales y de la ciudadan\u00eda en general.<\/div>\n<\/div>\n","protected":false},"excerpt":{"rendered":"<p>Llama a las autoridades competentes esclarecer los hechos con prontitud. El Partido Acci\u00f3n Nacional en Tlaxcala, a trav\u00e9s de su dirigente estatal \u00c1ngelo Guti\u00e9rrez Hern\u00e1ndez, conden\u00f3 en\u00e9rgicamente dos hechos de violencia registrados en d\u00edas recientes contra autoridades comunitarias: el ataque armado contra un representante popular del Ayuntamiento de Tepetitla de Lardiz\u00e1bal, ocurrido la noche del [&hellip;]<\/p>\n","protected":false},"author":5,"featured_media":59770,"comment_status":"open","ping_status":"open","sticky":false,"template":"","format":"standard","meta":{"footnotes":""},"categories":[248,247],"tags":[],"class_list":["post-59769","post","type-post","status-publish","format-standard","has-post-thumbnail","hentry","category-pan","category-politica"],"amp_enabled":true,"_links":{"self":[{"href":"https:\/\/labestiapolitica.com.mx\/index.php?rest_route=\/wp\/v2\/posts\/59769","targetHints":{"allow":["GET"]}}],"collection":[{"href":"https:\/\/labestiapolitica.com.mx\/index.php?rest_route=\/wp\/v2\/posts"}],"about":[{"href":"https:\/\/labestiapolitica.com.mx\/index.php?rest_route=\/wp\/v2\/types\/post"}],"author":[{"embeddable":true,"href":"https:\/\/labestiapolitica.com.mx\/index.php?rest_route=\/wp\/v2\/users\/5"}],"replies":[{"embeddable":true,"href":"https:\/\/labestiapolitica.com.mx\/index.php?rest_route=%2Fwp%2Fv2%2Fcomments&post=59769"}],"version-history":[{"count":1,"href":"https:\/\/labestiapolitica.com.mx\/index.php?rest_route=\/wp\/v2\/posts\/59769\/revisions"}],"predecessor-version":[{"id":59771,"href":"https:\/\/labestiapolitica.com.mx\/index.php?rest_route=\/wp\/v2\/posts\/59769\/revisions\/59771"}],"wp:featuredmedia":[{"embeddable":true,"href":"https:\/\/labestiapolitica.com.mx\/index.php?rest_route=\/wp\/v2\/media\/59770"}],"wp:attachment":[{"href":"https:\/\/labestiapolitica.com.mx\/index.php?rest_route=%2Fwp%2Fv2%2Fmedia&parent=59769"}],"wp:term":[{"taxonomy":"category","embeddable":true,"href":"https:\/\/labestiapolitica.com.mx\/index.php?rest_route=%2Fwp%2Fv2%2Fcategories&post=59769"},{"taxonomy":"post_tag","embeddable":true,"href":"https:\/\/labestiapolitica.com.mx\/index.php?rest_route=%2Fwp%2Fv2%2Ftags&post=59769"}],"curies":[{"name":"wp","href":"https:\/\/api.w.org\/{rel}","templated":true}]}}