{"id":59773,"date":"2026-01-27T23:54:21","date_gmt":"2026-01-28T05:54:21","guid":{"rendered":"https:\/\/labestiapolitica.com.mx\/?p=59773"},"modified":"2026-01-27T23:54:21","modified_gmt":"2026-01-28T05:54:21","slug":"comunicado-del-ayuntamiento-de-apizaco-sobre-atencion-a-persona-mayor-en-inmediaciones-de-la-terminal-de-autobuses","status":"publish","type":"post","link":"https:\/\/labestiapolitica.com.mx\/?p=59773","title":{"rendered":"Comunicado del Ayuntamiento de Apizaco sobre atenci\u00f3n a persona mayor en inmediaciones de la Terminal de Autobuses."},"content":{"rendered":"<p style=\"text-align: justify;\">El Gobierno Municipal de Apizaco, a trav\u00e9s de la Direcci\u00f3n de Protecci\u00f3n Civil y Emergencias, atendi\u00f3 esta tarde una situaci\u00f3n de auxilio reportada cerca de la Terminal de Autobuses.<\/p>\n<p style=\"text-align: justify;\">De acuerdo con los hechos, se recibi\u00f3 una llamada al sistema 911 y una coordinaci\u00f3n con la Central de Polic\u00eda, notificando sobre una persona lesionada en la calle Jes\u00fas Carranza, entre las avenidas Cuauht\u00e9moc y Xicoht\u00e9ncatl.<\/p>\n<p style=\"text-align: justify;\">Al llamado acudi\u00f3 de forma inmediata la unidad PC-06. En el lugar, el personal capacitado atendi\u00f3 a un hombre de 67 a\u00f1os, identificado como Constantino N., quien presentaba una herida cortante en la cabeza, al parecer producto de una ca\u00edda y asociada a un estado et\u00edlico.<\/p>\n<p style=\"text-align: justify;\">Tras realizar la valoraci\u00f3n m\u00e9dica correspondiente, los param\u00e9dicos determinaron que no requer\u00eda traslado a un hospital. Se le brind\u00f3 atenci\u00f3n prehospitalaria en el sitio, logrando su estabilizaci\u00f3n.<\/p>\n<p style=\"text-align: justify;\">El Gobierno Municipal reafirma su compromiso de brindar una respuesta pronta y profesional a las situaciones de emergencia, velando por la seguridad y la integridad de los ciudadanos. Se recuerda a la comunidad la importancia de utilizar los n\u00fameros de emergencia para reportar cualquier incidente que ponga en riesgo a las personas, permitiendo as\u00ed una intervenci\u00f3n oportuna.<\/p>\n","protected":false},"excerpt":{"rendered":"<p>El Gobierno Municipal de Apizaco, a trav\u00e9s de la Direcci\u00f3n de Protecci\u00f3n Civil y Emergencias, atendi\u00f3 esta tarde una situaci\u00f3n de auxilio reportada cerca de la Terminal de Autobuses. De acuerdo con los hechos, se recibi\u00f3 una llamada al sistema 911 y una coordinaci\u00f3n con la Central de Polic\u00eda, notificando sobre una persona lesionada en [&hellip;]<\/p>\n","protected":false},"author":5,"featured_media":59774,"comment_status":"open","ping_status":"open","sticky":false,"template":"","format":"standard","meta":{"footnotes":""},"categories":[226,12,216],"tags":[],"class_list":["post-59773","post","type-post","status-publish","format-standard","has-post-thumbnail","hentry","category-apizaco","category-brujula-2026","category-municipios"],"amp_enabled":true,"_links":{"self":[{"href":"https:\/\/labestiapolitica.com.mx\/index.php?rest_route=\/wp\/v2\/posts\/59773","targetHints":{"allow":["GET"]}}],"collection":[{"href":"https:\/\/labestiapolitica.com.mx\/index.php?rest_route=\/wp\/v2\/posts"}],"about":[{"href":"https:\/\/labestiapolitica.com.mx\/index.php?rest_route=\/wp\/v2\/types\/post"}],"author":[{"embeddable":true,"href":"https:\/\/labestiapolitica.com.mx\/index.php?rest_route=\/wp\/v2\/users\/5"}],"replies":[{"embeddable":true,"href":"https:\/\/labestiapolitica.com.mx\/index.php?rest_route=%2Fwp%2Fv2%2Fcomments&post=59773"}],"version-history":[{"count":1,"href":"https:\/\/labestiapolitica.com.mx\/index.php?rest_route=\/wp\/v2\/posts\/59773\/revisions"}],"predecessor-version":[{"id":59775,"href":"https:\/\/labestiapolitica.com.mx\/index.php?rest_route=\/wp\/v2\/posts\/59773\/revisions\/59775"}],"wp:featuredmedia":[{"embeddable":true,"href":"https:\/\/labestiapolitica.com.mx\/index.php?rest_route=\/wp\/v2\/media\/59774"}],"wp:attachment":[{"href":"https:\/\/labestiapolitica.com.mx\/index.php?rest_route=%2Fwp%2Fv2%2Fmedia&parent=59773"}],"wp:term":[{"taxonomy":"category","embeddable":true,"href":"https:\/\/labestiapolitica.com.mx\/index.php?rest_route=%2Fwp%2Fv2%2Fcategories&post=59773"},{"taxonomy":"post_tag","embeddable":true,"href":"https:\/\/labestiapolitica.com.mx\/index.php?rest_route=%2Fwp%2Fv2%2Ftags&post=59773"}],"curies":[{"name":"wp","href":"https:\/\/api.w.org\/{rel}","templated":true}]}}