{"id":59792,"date":"2026-01-28T00:10:00","date_gmt":"2026-01-28T06:10:00","guid":{"rendered":"https:\/\/labestiapolitica.com.mx\/?p=59792"},"modified":"2026-01-28T00:10:00","modified_gmt":"2026-01-28T06:10:00","slug":"seguridad-publica-de-tetla-aclara-apoyo-brindado-en-hecho-vial-y-rechaza-senalamientos-falsos","status":"publish","type":"post","link":"https:\/\/labestiapolitica.com.mx\/?p=59792","title":{"rendered":"Seguridad P\u00fablica de Tetla aclara apoyo brindado en hecho vial y rechaza se\u00f1alamientos falsos."},"content":{"rendered":"<p style=\"text-align: justify;\">El Gobierno Municipal de Tetla de la Solidaridad, a trav\u00e9s de la Direcci\u00f3n de Seguridad P\u00fablica Municipal, informa a la ciudadan\u00eda y a los medios de comunicaci\u00f3n sobre los hechos ocurridos el d\u00eda de hoy en la carretera Apizaquito\u2013Tetla de la Solidaridad, los cuales han sido difundidos de manera incorrecta en redes sociales por un medio de comunicaci\u00f3n que distorsiona la realidad.<\/p>\n<p style=\"text-align: justify;\">Aproximadamente a las 18:48 horas, elementos de la Polic\u00eda Preventiva Municipal, a bordo de la unidad CRP PMT-010, se percataron de un hecho vial mientras regresaban de realizar el traslado de personal del \u00e1rea jur\u00eddica de la Fiscal\u00eda del Estado de Tlaxcala.<\/p>\n<p style=\"text-align: justify;\">En el sitio se observa a un masculino de la tercera edad, quien result\u00f3 lesionado tras sufrir una ca\u00edda mientras circulaba en bicicleta, presuntamente en un incidente con un veh\u00edculo particular. De inmediato, los elementos solicitaron apoyo m\u00e9dico v\u00eda radio, arribando Protecci\u00f3n Civil Municipal de Tetla y la ambulancia PC-03, quienes brindaron atenci\u00f3n prehospitalaria. Asimismo, se dio aviso a la Polic\u00eda de Apizaco, al tratarse de una zona fuera de su jurisdicci\u00f3n.<\/p>\n<p style=\"text-align: justify;\">La Polic\u00eda Municipal de Tetla de la Solidaridad \u00fanicamente brind\u00f3 apoyo, auxilio y resguardo vial, actuando conforme a los protocolos establecidos y en ning\u00fan momento realiz\u00f3 acciones indebidas ni sustrajo pertenencias, como se ha se\u00f1alado de manera falsa en algunas publicaciones.<\/p>\n","protected":false},"excerpt":{"rendered":"<p>El Gobierno Municipal de Tetla de la Solidaridad, a trav\u00e9s de la Direcci\u00f3n de Seguridad P\u00fablica Municipal, informa a la ciudadan\u00eda y a los medios de comunicaci\u00f3n sobre los hechos ocurridos el d\u00eda de hoy en la carretera Apizaquito\u2013Tetla de la Solidaridad, los cuales han sido difundidos de manera incorrecta en redes sociales por un [&hellip;]<\/p>\n","protected":false},"author":5,"featured_media":59793,"comment_status":"open","ping_status":"open","sticky":false,"template":"","format":"standard","meta":{"footnotes":""},"categories":[12,216,227],"tags":[],"class_list":["post-59792","post","type-post","status-publish","format-standard","has-post-thumbnail","hentry","category-brujula-2026","category-municipios","category-tetla"],"amp_enabled":true,"_links":{"self":[{"href":"https:\/\/labestiapolitica.com.mx\/index.php?rest_route=\/wp\/v2\/posts\/59792","targetHints":{"allow":["GET"]}}],"collection":[{"href":"https:\/\/labestiapolitica.com.mx\/index.php?rest_route=\/wp\/v2\/posts"}],"about":[{"href":"https:\/\/labestiapolitica.com.mx\/index.php?rest_route=\/wp\/v2\/types\/post"}],"author":[{"embeddable":true,"href":"https:\/\/labestiapolitica.com.mx\/index.php?rest_route=\/wp\/v2\/users\/5"}],"replies":[{"embeddable":true,"href":"https:\/\/labestiapolitica.com.mx\/index.php?rest_route=%2Fwp%2Fv2%2Fcomments&post=59792"}],"version-history":[{"count":1,"href":"https:\/\/labestiapolitica.com.mx\/index.php?rest_route=\/wp\/v2\/posts\/59792\/revisions"}],"predecessor-version":[{"id":59794,"href":"https:\/\/labestiapolitica.com.mx\/index.php?rest_route=\/wp\/v2\/posts\/59792\/revisions\/59794"}],"wp:featuredmedia":[{"embeddable":true,"href":"https:\/\/labestiapolitica.com.mx\/index.php?rest_route=\/wp\/v2\/media\/59793"}],"wp:attachment":[{"href":"https:\/\/labestiapolitica.com.mx\/index.php?rest_route=%2Fwp%2Fv2%2Fmedia&parent=59792"}],"wp:term":[{"taxonomy":"category","embeddable":true,"href":"https:\/\/labestiapolitica.com.mx\/index.php?rest_route=%2Fwp%2Fv2%2Fcategories&post=59792"},{"taxonomy":"post_tag","embeddable":true,"href":"https:\/\/labestiapolitica.com.mx\/index.php?rest_route=%2Fwp%2Fv2%2Ftags&post=59792"}],"curies":[{"name":"wp","href":"https:\/\/api.w.org\/{rel}","templated":true}]}}