{"id":59795,"date":"2026-01-28T00:13:40","date_gmt":"2026-01-28T06:13:40","guid":{"rendered":"https:\/\/labestiapolitica.com.mx\/?p=59795"},"modified":"2026-01-28T00:13:40","modified_gmt":"2026-01-28T06:13:40","slug":"menos-escritorio-y-mas-territorio-tambien-es-trabajar-en-equipo-con-la-gente-alfonso-sanchez-garcia","status":"publish","type":"post","link":"https:\/\/labestiapolitica.com.mx\/?p=59795","title":{"rendered":"Menos escritorio y m\u00e1s territorio tambi\u00e9n es trabajar en equipo con la gente: Alfonso S\u00e1nchez Garc\u00eda."},"content":{"rendered":"<p style=\"text-align: justify;\">\u201cMenos escritorio y m\u00e1s territorio\u201d ha comenzado a generar una amplia respuesta ciudadana que ahora se suma, acompa\u00f1a y hace suyas las acciones de mejora urbana que encabeza el presidente municipal Alfonso S\u00e1nchez Garc\u00eda, a trav\u00e9s de diversas brigadas desplegadas por toda la capital.<\/p>\n<p style=\"text-align: justify;\">Cuando a las colonias y comunidades llegan las brigadas municipales para atender bacheo, balizado, alumbrado p\u00fablico, nivelaci\u00f3n de adoquines, limpieza y poda, entre otras m\u00e1s, las vecinas y vecinos salen de sus casas para agradecer y compartir, pero adem\u00e1s para ofrecer agua fresca, refrescos y hasta comida, lo que habla de cercan\u00eda y reconocimiento a esta labor del alcalde.<\/p>\n<p style=\"text-align: justify;\">\u201cAgradezco a las y los vecinos que participan en estas acciones en territorio. Mujeres y hombres salen de sus casas y se suman para mejorar nuestra capital. Juntos hacemos un gran equipo\u201d, destac\u00f3 el presidente municipal Alfonso S\u00e1nchez Garc\u00eda.<\/p>\n<p style=\"text-align: justify;\">El edil capitalino enfatiz\u00f3 que esta participaci\u00f3n espont\u00e1nea se ha convertido en un term\u00f3metro del \u00e9xito de la pol\u00edtica de trabajo en territorio, pues la colaboraci\u00f3n ciudadana fortalece las jornadas, genera confianza y transforma las calles y las colonias.<\/p>\n<p style=\"text-align: justify;\">Con estas acciones, adem\u00e1s de embellecer a la ciudad tambi\u00e9n la vuelve m\u00e1s segura, pues con la poda de \u00e1rboles, hay una mejor iluminaci\u00f3n y se fortalece la seguridad en las calles y avenidas.<\/p>\n<p style=\"text-align: justify;\">Adem\u00e1s, mediante la atenci\u00f3n a las vialidades con bacheo y rehabilitaci\u00f3n, los conductores y peatones tambi\u00e9n transitan por lugares en mejores condiciones de seguridad.<\/p>\n<p style=\"text-align: justify;\">Finalmente, Alfonso S\u00e1nchez Garc\u00eda destac\u00f3 que con esta y otras acciones Tlaxcala avanza y juntos se construye la historia de la seguridad.<\/p>\n","protected":false},"excerpt":{"rendered":"<p>\u201cMenos escritorio y m\u00e1s territorio\u201d ha comenzado a generar una amplia respuesta ciudadana que ahora se suma, acompa\u00f1a y hace suyas las acciones de mejora urbana que encabeza el presidente municipal Alfonso S\u00e1nchez Garc\u00eda, a trav\u00e9s de diversas brigadas desplegadas por toda la capital. Cuando a las colonias y comunidades llegan las brigadas municipales para [&hellip;]<\/p>\n","protected":false},"author":5,"featured_media":59796,"comment_status":"open","ping_status":"open","sticky":false,"template":"","format":"standard","meta":{"footnotes":""},"categories":[7,216,214],"tags":[],"class_list":["post-59795","post","type-post","status-publish","format-standard","has-post-thumbnail","hentry","category-ciudadanos","category-municipios","category-tlaxcala-capital"],"amp_enabled":true,"_links":{"self":[{"href":"https:\/\/labestiapolitica.com.mx\/index.php?rest_route=\/wp\/v2\/posts\/59795","targetHints":{"allow":["GET"]}}],"collection":[{"href":"https:\/\/labestiapolitica.com.mx\/index.php?rest_route=\/wp\/v2\/posts"}],"about":[{"href":"https:\/\/labestiapolitica.com.mx\/index.php?rest_route=\/wp\/v2\/types\/post"}],"author":[{"embeddable":true,"href":"https:\/\/labestiapolitica.com.mx\/index.php?rest_route=\/wp\/v2\/users\/5"}],"replies":[{"embeddable":true,"href":"https:\/\/labestiapolitica.com.mx\/index.php?rest_route=%2Fwp%2Fv2%2Fcomments&post=59795"}],"version-history":[{"count":1,"href":"https:\/\/labestiapolitica.com.mx\/index.php?rest_route=\/wp\/v2\/posts\/59795\/revisions"}],"predecessor-version":[{"id":59797,"href":"https:\/\/labestiapolitica.com.mx\/index.php?rest_route=\/wp\/v2\/posts\/59795\/revisions\/59797"}],"wp:featuredmedia":[{"embeddable":true,"href":"https:\/\/labestiapolitica.com.mx\/index.php?rest_route=\/wp\/v2\/media\/59796"}],"wp:attachment":[{"href":"https:\/\/labestiapolitica.com.mx\/index.php?rest_route=%2Fwp%2Fv2%2Fmedia&parent=59795"}],"wp:term":[{"taxonomy":"category","embeddable":true,"href":"https:\/\/labestiapolitica.com.mx\/index.php?rest_route=%2Fwp%2Fv2%2Fcategories&post=59795"},{"taxonomy":"post_tag","embeddable":true,"href":"https:\/\/labestiapolitica.com.mx\/index.php?rest_route=%2Fwp%2Fv2%2Ftags&post=59795"}],"curies":[{"name":"wp","href":"https:\/\/api.w.org\/{rel}","templated":true}]}}