{"id":59814,"date":"2026-01-28T10:48:48","date_gmt":"2026-01-28T16:48:48","guid":{"rendered":"https:\/\/labestiapolitica.com.mx\/?p=59814"},"modified":"2026-01-28T10:51:02","modified_gmt":"2026-01-28T16:51:02","slug":"%f0%9f%8f%9b%ef%b8%8f%f0%9f%8e%93-analizan-presidentes-de-morena-retos-de-la-gestion-publica-en-mesa-redonda-en-la-upt-tlax","status":"publish","type":"post","link":"https:\/\/labestiapolitica.com.mx\/?p=59814","title":{"rendered":"\ud83c\udfdb\ufe0f\ud83c\udf93 Analizan presidentes de Morena, retos de la gesti\u00f3n p\u00fablica en mesa redonda en la UPT Tlax"},"content":{"rendered":"<p style=\"text-align: justify;\" data-start=\"210\" data-end=\"573\">Gabriela Aranda<\/p>\n<p style=\"text-align: justify;\" data-start=\"210\" data-end=\"573\">La <strong data-start=\"213\" data-end=\"262\">Universidad Polit\u00e9cnica de Tlaxcala (UPTTlax)<\/strong> fue sede de una mesa redonda en la que se abordaron los principales <strong data-start=\"331\" data-end=\"383\">retos de la gesti\u00f3n en la administraci\u00f3n p\u00fablica<\/strong>, con la participaci\u00f3n de presidentas y presidentes municipales emanados de Morena, quienes compartieron experiencias, aprendizajes y visiones sobre el ejercicio del gobierno desde lo local.<\/p>\n<p style=\"text-align: justify;\" data-start=\"575\" data-end=\"915\">En el encuentro participaron <strong data-start=\"604\" data-end=\"645\"><span class=\"hover:entity-accent entity-underline inline cursor-pointer align-baseline\"><span class=\"whitespace-normal\">Alfonso S\u00e1nchez Garc\u00eda<\/span><\/span><\/strong>, presidente municipal de Tlaxcala; <strong data-start=\"681\" data-end=\"722\"><span class=\"hover:entity-accent entity-underline inline cursor-pointer align-baseline\"><span class=\"whitespace-normal\">David S\u00e1nchez Rinc\u00f3n<\/span><\/span><\/strong>, presidente municipal de Texoloc; <strong data-start=\"757\" data-end=\"798\"><span class=\"hover:entity-accent entity-underline inline cursor-pointer align-baseline\"><span class=\"whitespace-normal\">Gabriela Hern\u00e1ndez Montiel<\/span><\/span><\/strong>, presidenta municipal de Axocomanitla; e <strong data-start=\"840\" data-end=\"881\"><span class=\"hover:entity-accent entity-underline inline cursor-pointer align-baseline\"><span class=\"whitespace-normal\">Idelfonso Carro Rold\u00e1n<\/span><\/span><\/strong>, presidente municipal de Panotla.<\/p>\n<p style=\"text-align: justify;\" data-start=\"917\" data-end=\"1166\">Durante el di\u00e1logo, se reflexion\u00f3 sobre la importancia de gobernar con cercan\u00eda social, capacidad de adaptaci\u00f3n y responsabilidad p\u00fablica, as\u00ed como acerca de los desaf\u00edos que enfrentan los gobiernos municipales en la atenci\u00f3n de las demandas ciudadanas.<\/p>\n<p style=\"text-align: justify;\" data-start=\"1168\" data-end=\"1553\">Al ser cuestionado sobre <strong data-start=\"1193\" data-end=\"1267\">qu\u00e9 mecanismos utiliza para escuchar y tomar en cuenta a la ciudadan\u00eda<\/strong>, Alfonso S\u00e1nchez Garc\u00eda se\u00f1al\u00f3 que la clave est\u00e1 en el contacto directo con la gente. Explic\u00f3 que los recorridos en territorio no solo son de supervisi\u00f3n de obra, sino tambi\u00e9n espacios para conocer de primera mano las necesidades, escuchar inconformidades y darles seguimiento puntual. Reccalcando su\u00a0 ueva iniciativa de: \u00abM\u00e1s territorio, menos escritorio,\u00bb<\/p>\n<blockquote data-start=\"1555\" data-end=\"1641\">\n<p data-start=\"1557\" data-end=\"1641\">\u201cVemos, escuchamos y actuamos. Eso es lo que da confianza a la ciudadan\u00eda\u201d, expres\u00f3.<\/p>\n<\/blockquote>\n<p style=\"text-align: justify;\" data-start=\"1643\" data-end=\"1812\">Asimismo, al preguntarle si ha cometido errores en el ejercicio de su gobierno, el alcalde reconoci\u00f3 que s\u00ed, puesto que somos seres humanos y todos cometemos errores, se\u00f1alando que <strong data-start=\"1767\" data-end=\"1811\">gobernar implica aprender constantemente<\/strong>.<\/p>\n<blockquote data-start=\"1814\" data-end=\"1964\">\n<p data-start=\"1816\" data-end=\"1964\">\u201cSomos humanos. Gobernar tambi\u00e9n significa equivocarse, hacer ajustes y aprender de cada experiencia. El aprendizaje es clave para mejorar\u201d, afirm\u00f3.<\/p>\n<\/blockquote>\n<p style=\"text-align: justify;\" data-start=\"1966\" data-end=\"2263\">Las y los presidentes coincidieron en que estos espacios de di\u00e1logo acad\u00e9mico fortalecen la formaci\u00f3n de las nuevas generaciones y permiten reflexionar sobre la pr\u00e1ctica real del servicio p\u00fablico, destacando la importancia de la \u00e9tica, la cercan\u00eda con la poblaci\u00f3n y la toma de decisiones responsables. Y como bien mencionaron, hay que aplicar lo aprendido, estudiando, aprendiendo y fortaleciendo las habilidades.<\/p>\n<p data-start=\"1966\" data-end=\"2263\"><a href=\"https:\/\/labestiapolitica.com.mx\/wp-content\/uploads\/2026\/01\/20260128_093249.heic\"><img decoding=\"async\" class=\"alignnone size-full wp-image-59816\" src=\"https:\/\/labestiapolitica.com.mx\/wp-content\/uploads\/2026\/01\/20260128_093249.heic\" alt=\"\" \/><img loading=\"lazy\" decoding=\"async\" class=\"alignnone size-full wp-image-59822\" src=\"https:\/\/labestiapolitica.com.mx\/wp-content\/uploads\/2026\/01\/Fotos-rapidas-1-36.jpg\" alt=\"\" width=\"1000\" height=\"600\" srcset=\"https:\/\/labestiapolitica.com.mx\/wp-content\/uploads\/2026\/01\/Fotos-rapidas-1-36.jpg 1000w, https:\/\/labestiapolitica.com.mx\/wp-content\/uploads\/2026\/01\/Fotos-rapidas-1-36-300x180.jpg 300w, https:\/\/labestiapolitica.com.mx\/wp-content\/uploads\/2026\/01\/Fotos-rapidas-1-36-768x461.jpg 768w\" sizes=\"auto, (max-width: 1000px) 100vw, 1000px\" \/><\/a><img decoding=\"async\" class=\"alignnone size-full wp-image-59818\" src=\"https:\/\/labestiapolitica.com.mx\/wp-content\/uploads\/2026\/01\/20260128_093249-2.heic\" alt=\"\" \/><\/p>\n","protected":false},"excerpt":{"rendered":"<p>Gabriela Aranda La Universidad Polit\u00e9cnica de Tlaxcala (UPTTlax) fue sede de una mesa redonda en la que se abordaron los principales retos de la gesti\u00f3n en la administraci\u00f3n p\u00fablica, con la participaci\u00f3n de presidentas y presidentes municipales emanados de Morena, quienes compartieron experiencias, aprendizajes y visiones sobre el ejercicio del gobierno desde lo local. En [&hellip;]<\/p>\n","protected":false},"author":3,"featured_media":59815,"comment_status":"open","ping_status":"open","sticky":false,"template":"","format":"standard","meta":{"footnotes":""},"categories":[7,213],"tags":[],"class_list":["post-59814","post","type-post","status-publish","format-standard","has-post-thumbnail","hentry","category-ciudadanos","category-educacion"],"amp_enabled":true,"_links":{"self":[{"href":"https:\/\/labestiapolitica.com.mx\/index.php?rest_route=\/wp\/v2\/posts\/59814","targetHints":{"allow":["GET"]}}],"collection":[{"href":"https:\/\/labestiapolitica.com.mx\/index.php?rest_route=\/wp\/v2\/posts"}],"about":[{"href":"https:\/\/labestiapolitica.com.mx\/index.php?rest_route=\/wp\/v2\/types\/post"}],"author":[{"embeddable":true,"href":"https:\/\/labestiapolitica.com.mx\/index.php?rest_route=\/wp\/v2\/users\/3"}],"replies":[{"embeddable":true,"href":"https:\/\/labestiapolitica.com.mx\/index.php?rest_route=%2Fwp%2Fv2%2Fcomments&post=59814"}],"version-history":[{"count":3,"href":"https:\/\/labestiapolitica.com.mx\/index.php?rest_route=\/wp\/v2\/posts\/59814\/revisions"}],"predecessor-version":[{"id":59823,"href":"https:\/\/labestiapolitica.com.mx\/index.php?rest_route=\/wp\/v2\/posts\/59814\/revisions\/59823"}],"wp:featuredmedia":[{"embeddable":true,"href":"https:\/\/labestiapolitica.com.mx\/index.php?rest_route=\/wp\/v2\/media\/59815"}],"wp:attachment":[{"href":"https:\/\/labestiapolitica.com.mx\/index.php?rest_route=%2Fwp%2Fv2%2Fmedia&parent=59814"}],"wp:term":[{"taxonomy":"category","embeddable":true,"href":"https:\/\/labestiapolitica.com.mx\/index.php?rest_route=%2Fwp%2Fv2%2Fcategories&post=59814"},{"taxonomy":"post_tag","embeddable":true,"href":"https:\/\/labestiapolitica.com.mx\/index.php?rest_route=%2Fwp%2Fv2%2Ftags&post=59814"}],"curies":[{"name":"wp","href":"https:\/\/api.w.org\/{rel}","templated":true}]}}