{"id":59825,"date":"2026-01-28T13:22:12","date_gmt":"2026-01-28T19:22:12","guid":{"rendered":"https:\/\/labestiapolitica.com.mx\/?p=59825"},"modified":"2026-01-28T13:29:02","modified_gmt":"2026-01-28T19:29:02","slug":"casa-tlaxcala-no-debe-convertirse-en-espacio-de-cuotas-cambron","status":"publish","type":"post","link":"https:\/\/labestiapolitica.com.mx\/?p=59825","title":{"rendered":"Casa Tlaxcala no debe convertirse en espacio de cuotas: Cambr\u00f3n"},"content":{"rendered":"<p style=\"text-align: justify;\"><strong>El perfil de Ricardo Peralta no representa a Tlaxcala.<\/strong><\/p>\n<p style=\"text-align: justify;\">El Partido de la Revoluci\u00f3n Democr\u00e1tica Tlaxcala expresa su preocupaci\u00f3n por el nombramiento de Ricardo Peralta como representante de Casa Tlaxcala en la Ciudad de M\u00e9xico. No es una descalificaci\u00f3n personal, cuestionamos los argumentos para su nombramiento, porque su perfil no representa los valores, la trayectoria, el arraigo, la identidad, ni la imagen que Tlaxcala requiere proyectar ante la federaci\u00f3n y el mundo. Las representaciones institucionales deben construirse con base en credibilidad, solvencia p\u00fablica y congruencia, no como resultado de acuerdos pol\u00edticos opacos.<\/p>\n<p style=\"text-align: justify;\">Casa Tlaxcala no puede ni debe convertirse en un espacio de cuotas o compensaciones pol\u00edticas. Nombrar perfiles cuestionados o ajenos a la realidad tlaxcalteca como el de Ricardo Peralta env\u00eda un mensaje equivocado y debilita la confianza ciudadana.<\/p>\n<p style=\"text-align: justify;\">\u00a0Desde el PRD hacemos un llamado a que los nombramientos p\u00fablicos se rijan por criterios claros, profesionales y transparentes.<\/p>\n<p style=\"text-align: justify;\">Ricardo Peralta Saucedo, quien se desempe\u00f1\u00f3 anteriormente como subsecretario de Gobernaci\u00f3n y personaje cercano al senador Ad\u00e1n Augusto L\u00f3pez, ha generado debate medi\u00e1tico sobre su trayectoria y relaciones pol\u00edticas, lo cual no resulta congruente con la responsabilidad que implica representar a Tlaxcala en la capital del pa\u00eds.<\/p>\n<p style=\"text-align: justify;\">La dirigencia perredista subray\u00f3 su preocupaci\u00f3n por la designaci\u00f3n de un personaje que ha sido vinculado con personajes obscuros en diversas notas period\u00edsticas, no exento tambi\u00e9n de pol\u00e9micas y cuestionamientos p\u00fablicos que, a juicio del PRD Tlaxcala, no garantizan la transparencia ni la solidez institucional que el estado merece.<\/p>\n<p style=\"text-align: justify;\">Juan Manuel Cambr\u00f3n, presidente del CEE del Sol azteca hizo un llamado a las autoridades correspondientes para que se garantice que los cargos p\u00fablicos se otorguen con criterios estrictos de m\u00e9rito y probidad, evitando decisiones que puedan interpretarse como colocaciones pol\u00edticas por pago de cuotas sin justificaci\u00f3n s\u00f3lida para el desarrollo del estado.<\/p>\n<p style=\"text-align: justify;\">El PRD Tlaxcala destac\u00f3 que la administraci\u00f3n estatal debe priorizar la claridad, la rendici\u00f3n de cuentas y la confianza ciudadana, sobre todo en momentos en que los indicadores de aprobaci\u00f3n gubernamental se encuentran en los niveles m\u00e1s bajos de la historia.<\/p>\n<p style=\"text-align: justify;\">Finalmente, el presidente del PRD reiter\u00f3 la postura de su partido de vigilancia, cr\u00edtica responsable y acciones que promuevan el fortalecimiento de las instituciones, y no la simulaci\u00f3n de cargos que puedan restar credibilidad al ejercicio p\u00fablico y que vuelvan a poner a Tlaxcala en la mira y burla nacional.<\/p>\n","protected":false},"excerpt":{"rendered":"<p>El perfil de Ricardo Peralta no representa a Tlaxcala. El Partido de la Revoluci\u00f3n Democr\u00e1tica Tlaxcala expresa su preocupaci\u00f3n por el nombramiento de Ricardo Peralta como representante de Casa Tlaxcala en la Ciudad de M\u00e9xico. No es una descalificaci\u00f3n personal, cuestionamos los argumentos para su nombramiento, porque su perfil no representa los valores, la trayectoria, [&hellip;]<\/p>\n","protected":false},"author":3,"featured_media":59833,"comment_status":"open","ping_status":"open","sticky":false,"template":"","format":"standard","meta":{"footnotes":""},"categories":[3],"tags":[],"class_list":["post-59825","post","type-post","status-publish","format-standard","has-post-thumbnail","hentry","category-8-columnas"],"amp_enabled":true,"_links":{"self":[{"href":"https:\/\/labestiapolitica.com.mx\/index.php?rest_route=\/wp\/v2\/posts\/59825","targetHints":{"allow":["GET"]}}],"collection":[{"href":"https:\/\/labestiapolitica.com.mx\/index.php?rest_route=\/wp\/v2\/posts"}],"about":[{"href":"https:\/\/labestiapolitica.com.mx\/index.php?rest_route=\/wp\/v2\/types\/post"}],"author":[{"embeddable":true,"href":"https:\/\/labestiapolitica.com.mx\/index.php?rest_route=\/wp\/v2\/users\/3"}],"replies":[{"embeddable":true,"href":"https:\/\/labestiapolitica.com.mx\/index.php?rest_route=%2Fwp%2Fv2%2Fcomments&post=59825"}],"version-history":[{"count":1,"href":"https:\/\/labestiapolitica.com.mx\/index.php?rest_route=\/wp\/v2\/posts\/59825\/revisions"}],"predecessor-version":[{"id":59828,"href":"https:\/\/labestiapolitica.com.mx\/index.php?rest_route=\/wp\/v2\/posts\/59825\/revisions\/59828"}],"wp:featuredmedia":[{"embeddable":true,"href":"https:\/\/labestiapolitica.com.mx\/index.php?rest_route=\/wp\/v2\/media\/59833"}],"wp:attachment":[{"href":"https:\/\/labestiapolitica.com.mx\/index.php?rest_route=%2Fwp%2Fv2%2Fmedia&parent=59825"}],"wp:term":[{"taxonomy":"category","embeddable":true,"href":"https:\/\/labestiapolitica.com.mx\/index.php?rest_route=%2Fwp%2Fv2%2Fcategories&post=59825"},{"taxonomy":"post_tag","embeddable":true,"href":"https:\/\/labestiapolitica.com.mx\/index.php?rest_route=%2Fwp%2Fv2%2Ftags&post=59825"}],"curies":[{"name":"wp","href":"https:\/\/api.w.org\/{rel}","templated":true}]}}