{"id":59847,"date":"2026-01-28T13:57:49","date_gmt":"2026-01-28T19:57:49","guid":{"rendered":"https:\/\/labestiapolitica.com.mx\/?p=59847"},"modified":"2026-01-28T13:57:49","modified_gmt":"2026-01-28T19:57:49","slug":"arranca-sandy-aguilar-orientacion-psicologica-gratuita-en-su-caci-apizaco","status":"publish","type":"post","link":"https:\/\/labestiapolitica.com.mx\/?p=59847","title":{"rendered":"Arranca Sandy Aguilar orientaci\u00f3n psicol\u00f3gica gratuita en su CACI Apizaco"},"content":{"rendered":"<p style=\"text-align: justify;\">Como parte de los esfuerzos legislativos y sociales de la diputada pri\u00edsta, quien ha trabajado de manera constante en temas relacionados con la salud mental desde distintos frentes, la diputada Sandra Aguilar Vega puso en marcha su programa de orientaci\u00f3n psicol\u00f3gica gratuita.<\/p>\n<p style=\"text-align: justify;\">\n\u201cPara muchas familias, cuidar la salud mental se vuelve un privilegio poco costeable. Por eso, a trav\u00e9s de la campa\u00f1a Primero Tu Mente, pusimos en marcha nuestro programa de orientaci\u00f3n psicol\u00f3gica completamente gratuita. Porque la salud mental es un derecho, no un lujo\u201d, asegur\u00f3 en sus redes sociales.<\/p>\n<p style=\"text-align: justify;\">\nEste nuevo servicio de orientaci\u00f3n psicol\u00f3gica ofrece atenci\u00f3n gratuita en situaciones de estr\u00e9s, ansiedad, conflictos familiares, problemas escolares y otras dificultades emocionales que afectan el desarrollo mental de las personas. Este servicio ofrece herramientas \u00fatiles para la gesti\u00f3n de emociones y el fortalecimiento de habilidades personales.<\/p>\n<p style=\"text-align: justify;\">\nLa diputada Aguilar Vega destac\u00f3 que esta acci\u00f3n es una respuesta concreta a las necesidades detectadas en las comunidades, especialmente tras la implementaci\u00f3n de su campa\u00f1a \u201cPrimero tu Mente\u201d, que ha recorrido diversos municipios del estado ofreciendo talleres informativos y preventivos principalmente a ni\u00f1as, ni\u00f1os y adolescentes.<\/p>\n<p style=\"text-align: justify;\">\nEste tipo de acciones reflejan el compromiso de la legisladora con el bienestar emocional de los tlaxcaltecas y con la consolidaci\u00f3n de programas que atiendan las necesidades reales de la sociedad. Las personas interesadas pueden agendar su cita en el Centro de Atenci\u00f3n Ciudadana (CACI) en Loma Verde Apizaco o al n\u00famero 246 195 22 48.<\/p>\n<p style=\"text-align: justify;\">\nCon esta acci\u00f3n, la diputada Sandra Aguilar refrenda su compromiso con la construcci\u00f3n de comunidades m\u00e1s sanas y emp\u00e1ticas, donde el acceso a la salud mental sea una realidad para todas y todos, sin distinci\u00f3n.<\/p>\n","protected":false},"excerpt":{"rendered":"<p>Como parte de los esfuerzos legislativos y sociales de la diputada pri\u00edsta, quien ha trabajado de manera constante en temas relacionados con la salud mental desde distintos frentes, la diputada Sandra Aguilar Vega puso en marcha su programa de orientaci\u00f3n psicol\u00f3gica gratuita. \u201cPara muchas familias, cuidar la salud mental se vuelve un privilegio poco costeable. [&hellip;]<\/p>\n","protected":false},"author":3,"featured_media":59848,"comment_status":"open","ping_status":"open","sticky":false,"template":"","format":"standard","meta":{"footnotes":""},"categories":[247,250],"tags":[],"class_list":["post-59847","post","type-post","status-publish","format-standard","has-post-thumbnail","hentry","category-politica","category-pri"],"amp_enabled":true,"_links":{"self":[{"href":"https:\/\/labestiapolitica.com.mx\/index.php?rest_route=\/wp\/v2\/posts\/59847","targetHints":{"allow":["GET"]}}],"collection":[{"href":"https:\/\/labestiapolitica.com.mx\/index.php?rest_route=\/wp\/v2\/posts"}],"about":[{"href":"https:\/\/labestiapolitica.com.mx\/index.php?rest_route=\/wp\/v2\/types\/post"}],"author":[{"embeddable":true,"href":"https:\/\/labestiapolitica.com.mx\/index.php?rest_route=\/wp\/v2\/users\/3"}],"replies":[{"embeddable":true,"href":"https:\/\/labestiapolitica.com.mx\/index.php?rest_route=%2Fwp%2Fv2%2Fcomments&post=59847"}],"version-history":[{"count":1,"href":"https:\/\/labestiapolitica.com.mx\/index.php?rest_route=\/wp\/v2\/posts\/59847\/revisions"}],"predecessor-version":[{"id":59849,"href":"https:\/\/labestiapolitica.com.mx\/index.php?rest_route=\/wp\/v2\/posts\/59847\/revisions\/59849"}],"wp:featuredmedia":[{"embeddable":true,"href":"https:\/\/labestiapolitica.com.mx\/index.php?rest_route=\/wp\/v2\/media\/59848"}],"wp:attachment":[{"href":"https:\/\/labestiapolitica.com.mx\/index.php?rest_route=%2Fwp%2Fv2%2Fmedia&parent=59847"}],"wp:term":[{"taxonomy":"category","embeddable":true,"href":"https:\/\/labestiapolitica.com.mx\/index.php?rest_route=%2Fwp%2Fv2%2Fcategories&post=59847"},{"taxonomy":"post_tag","embeddable":true,"href":"https:\/\/labestiapolitica.com.mx\/index.php?rest_route=%2Fwp%2Fv2%2Ftags&post=59847"}],"curies":[{"name":"wp","href":"https:\/\/api.w.org\/{rel}","templated":true}]}}