{"id":59850,"date":"2026-01-28T14:01:06","date_gmt":"2026-01-28T20:01:06","guid":{"rendered":"https:\/\/labestiapolitica.com.mx\/?p=59850"},"modified":"2026-01-28T14:01:06","modified_gmt":"2026-01-28T20:01:06","slug":"gobierno-municipal-de-huamantla-invita-a-la-ponencia-desde-el-amor-a-mi-familia","status":"publish","type":"post","link":"https:\/\/labestiapolitica.com.mx\/?p=59850","title":{"rendered":"Gobierno municipal de Huamantla invita a la ponencia \u00abDesde el amor a mi familia\u00bb"},"content":{"rendered":"<p style=\"text-align: justify;\">Con el objetivo de fortalecer los lazos familiares y promover una cultura de respeto, cuidado y bienestar dentro del hogar, el Gobierno Municipal de Huamantla, a trav\u00e9s de la Direcci\u00f3n de Bienestar Municipal, invita a la ciudadan\u00eda a participar en la ponencia \u201cDesde el amor de mi familia\u201d, impartida por la Dra. Er\u00e9ndira Jim\u00e9nez Montiel, reconocida activista en favor de los derechos humanos.<\/p>\n<p style=\"text-align: justify;\">Durante esta importante pl\u00e1tica se abordar\u00e1n temas fundamentales para el desarrollo integral de las personas y las familias, tales como la prevenci\u00f3n de adicciones, el cuidado y acompa\u00f1amiento de ni\u00f1as, ni\u00f1os y j\u00f3venes, el valor del amor familiar, as\u00ed como la promoci\u00f3n y defensa de los derechos humanos desde el entorno del hogar.<\/p>\n<p style=\"text-align: justify;\">La ponencia est\u00e1 dirigida a ni\u00f1as, ni\u00f1os, j\u00f3venes, madres, padres, abuelos, cuidadores y al p\u00fablico en general, y tiene como prop\u00f3sito brindar herramientas y reflexiones que permitan fortalecer las relaciones familiares, fomentar entornos sanos y consolidar una convivencia basada en el respeto, el di\u00e1logo y el amor.<\/p>\n<p style=\"text-align: justify;\">La actividad se llevar\u00e1 a cabo el jueves 29 de enero, a las 10:00 de la ma\u00f1ana, en el Auditorio Ex Cancha 13.<\/p>\n<p style=\"text-align: justify;\">El Ayuntamiento de Huamantla, que encabeza el presidente municipal Salvador Santos Cedillo, refrenda su compromiso con la construcci\u00f3n de una sociedad m\u00e1s unida, consciente y solidaria, impulsando espacios de aprendizaje y reflexi\u00f3n que contribuyan al bienestar de las familias huamantlecas.<\/p>\n","protected":false},"excerpt":{"rendered":"<p>Con el objetivo de fortalecer los lazos familiares y promover una cultura de respeto, cuidado y bienestar dentro del hogar, el Gobierno Municipal de Huamantla, a trav\u00e9s de la Direcci\u00f3n de Bienestar Municipal, invita a la ciudadan\u00eda a participar en la ponencia \u201cDesde el amor de mi familia\u201d, impartida por la Dra. Er\u00e9ndira Jim\u00e9nez Montiel, [&hellip;]<\/p>\n","protected":false},"author":3,"featured_media":59851,"comment_status":"open","ping_status":"open","sticky":false,"template":"","format":"standard","meta":{"footnotes":""},"categories":[220,216],"tags":[],"class_list":["post-59850","post","type-post","status-publish","format-standard","has-post-thumbnail","hentry","category-huamantla","category-municipios"],"amp_enabled":true,"_links":{"self":[{"href":"https:\/\/labestiapolitica.com.mx\/index.php?rest_route=\/wp\/v2\/posts\/59850","targetHints":{"allow":["GET"]}}],"collection":[{"href":"https:\/\/labestiapolitica.com.mx\/index.php?rest_route=\/wp\/v2\/posts"}],"about":[{"href":"https:\/\/labestiapolitica.com.mx\/index.php?rest_route=\/wp\/v2\/types\/post"}],"author":[{"embeddable":true,"href":"https:\/\/labestiapolitica.com.mx\/index.php?rest_route=\/wp\/v2\/users\/3"}],"replies":[{"embeddable":true,"href":"https:\/\/labestiapolitica.com.mx\/index.php?rest_route=%2Fwp%2Fv2%2Fcomments&post=59850"}],"version-history":[{"count":1,"href":"https:\/\/labestiapolitica.com.mx\/index.php?rest_route=\/wp\/v2\/posts\/59850\/revisions"}],"predecessor-version":[{"id":59852,"href":"https:\/\/labestiapolitica.com.mx\/index.php?rest_route=\/wp\/v2\/posts\/59850\/revisions\/59852"}],"wp:featuredmedia":[{"embeddable":true,"href":"https:\/\/labestiapolitica.com.mx\/index.php?rest_route=\/wp\/v2\/media\/59851"}],"wp:attachment":[{"href":"https:\/\/labestiapolitica.com.mx\/index.php?rest_route=%2Fwp%2Fv2%2Fmedia&parent=59850"}],"wp:term":[{"taxonomy":"category","embeddable":true,"href":"https:\/\/labestiapolitica.com.mx\/index.php?rest_route=%2Fwp%2Fv2%2Fcategories&post=59850"},{"taxonomy":"post_tag","embeddable":true,"href":"https:\/\/labestiapolitica.com.mx\/index.php?rest_route=%2Fwp%2Fv2%2Ftags&post=59850"}],"curies":[{"name":"wp","href":"https:\/\/api.w.org\/{rel}","templated":true}]}}