{"id":59859,"date":"2026-01-28T15:01:35","date_gmt":"2026-01-28T21:01:35","guid":{"rendered":"https:\/\/labestiapolitica.com.mx\/?p=59859"},"modified":"2026-01-28T15:08:10","modified_gmt":"2026-01-28T21:08:10","slug":"con-respaldo-nacional-pan-tlaxcala-se-declara-listo-para-competir-en-2027","status":"publish","type":"post","link":"https:\/\/labestiapolitica.com.mx\/?p=59859","title":{"rendered":"Con respaldo nacional, PAN Tlaxcala se declara listo para competir en 2027"},"content":{"rendered":"<p style=\"text-align: justify;\">Mariana LOVERA \/\/ Con la visita del Secretario Nacional de Fortalecimiento Interno del Comit\u00e9 Ejecutivo Nacional del PAN, Juan Carlos Mart\u00ednez Terrazas, el Partido Acci\u00f3n Nacional en Tlaxcala dio el banderazo de salida a la construcci\u00f3n de su estructura electoral territorial rumbo a las elecciones de 2027, en las que se renovar\u00e1 la gubernatura, alcald\u00edas y diputaciones locales y federales.<\/p>\n<p style=\"text-align: justify;\">Durante un encuentro con militantes y estructuras del partido, \u00c1ngelo Guti\u00e9rrez Hern\u00e1ndez, presidente estatal del PAN, destac\u00f3 que la presencia de la dirigencia nacional marca el inicio formal de una estrategia enfocada en fortalecer al partido \u201cen las calles\u201d, con trabajo comunitario, recuperaci\u00f3n de espacios p\u00fablicos y presencia permanente en los 60 municipios del estado.<\/p>\n<p style=\"text-align: justify;\">Guti\u00e9rrez Hern\u00e1ndez inform\u00f3 que actualmente alrededor de 30 ciudadanas y ciudadanos ya se han registrado en la plataforma del partido para aspirar a cargos de elecci\u00f3n popular, lo que refleja \u2014dijo\u2014 un creciente inter\u00e9s social por participar con Acci\u00f3n Nacional.<\/p>\n<p style=\"text-align: justify;\">A\u00f1adi\u00f3 que, a partir del 8 de febrero, la dirigencia estatal iniciar\u00e1 recorridos municipales junto con delegados, coordinadores distritales y la diputada local Miriam Mart\u00ednez, impulsando acciones como jornadas de bacheo, rescate de espacios p\u00fablicos y programas de seguridad comunitaria, como la instalaci\u00f3n de alarmas vecinales.<\/p>\n<p style=\"text-align: justify;\">En su mensaje, Juan Carlos Mart\u00ednez Terrazas subray\u00f3 que Tlaxcala es un estado estrat\u00e9gico para el Comit\u00e9 Ejecutivo Nacional del PAN y que la gira forma parte de una revisi\u00f3n nacional del trabajo territorial y organizativo del partido, de cara al proceso electoral de 2027.<\/p>\n<p style=\"text-align: justify;\">Se\u00f1al\u00f3 que el PAN busca construir desde ahora un proyecto que escuche a la ciudadan\u00eda, atienda sus problem\u00e1ticas reales y se convierta en una alternativa s\u00f3lida ante lo que calific\u00f3 como un desgaste y decepci\u00f3n social hacia los gobiernos de Morena, tanto a nivel nacional como estatal.<\/p>\n<p style=\"text-align: justify;\">\u201cEl trabajo no se hace desde la oficina, se hace en el territorio\u201d, afirm\u00f3 Mart\u00ednez Terrazas, al reiterar que el PAN en Tlaxcala cumple con indicadores de organizaci\u00f3n, capacitaci\u00f3n de estructuras y vinculaci\u00f3n con liderazgos sociales, lo que \u2014asegur\u00f3\u2014 posiciona al partido como una opci\u00f3n real de cambio para 2027.<\/p>\n<p style=\"text-align: justify;\">Respecto a las alianzas electorales, el dirigente nacional precis\u00f3 que el PAN mantendr\u00e1 el di\u00e1logo institucional con otras fuerzas opositoras como el PRI y Movimiento Ciudadano, pero dej\u00f3 claro que la prioridad es el fortalecimiento interno del partido y la construcci\u00f3n de alianzas con liderazgos ciudadanos, comunitarios y de la sociedad civil, m\u00e1s all\u00e1 de acuerdos cupulares.<\/p>\n<p style=\"text-align: justify;\">En ese contexto, record\u00f3 que el PAN simplific\u00f3 su proceso de afiliaci\u00f3n mediante una aplicaci\u00f3n digital, apostando por una militancia activa y comprometida con el trabajo comunitario, en contraste \u2014dijo\u2014 con los esquemas clientelares de Morena.<\/p>\n<p style=\"text-align: justify;\">Por su parte, la diputada local Miriam Mart\u00ednez, al ser cuestionada sobre la posibilidad de encabezar la candidatura del PAN a la gubernatura de Tlaxcala, afirm\u00f3 que el partido no enga\u00f1a a la ciudadan\u00eda y que existe un hartazgo social frente a las promesas incumplidas de Morena en temas como seguridad, salud, infraestructura y austeridad.<\/p>\n<p style=\"text-align: justify;\">Destac\u00f3 que el PAN ha optado por estar cerca de la gente, caminar las comunidades y generar resultados tangibles, como el programa de bacheo que ella misma impulsa, el cual \u2014dijo\u2014 ha obligado a autoridades a atender caminos y carreteras abandonadas.<\/p>\n<p style=\"text-align: justify;\">Mart\u00ednez asegur\u00f3 que el PAN cuenta con equipo, estructura y determinaci\u00f3n para convertirse en un contrapeso real frente a Morena, y sostuvo que Tlaxcala tiene en Acci\u00f3n Nacional una opci\u00f3n pol\u00edtica capaz de generar resultados y esperanza rumbo a 2027.<\/p>\n<p><img loading=\"lazy\" decoding=\"async\" class=\"size-full wp-image-59861 aligncenter\" src=\"https:\/\/labestiapolitica.com.mx\/wp-content\/uploads\/2026\/01\/asfdgvasdfdvadfasdfad.jpg\" alt=\"\" width=\"1600\" height=\"1066\" srcset=\"https:\/\/labestiapolitica.com.mx\/wp-content\/uploads\/2026\/01\/asfdgvasdfdvadfasdfad.jpg 1600w, https:\/\/labestiapolitica.com.mx\/wp-content\/uploads\/2026\/01\/asfdgvasdfdvadfasdfad-300x200.jpg 300w, https:\/\/labestiapolitica.com.mx\/wp-content\/uploads\/2026\/01\/asfdgvasdfdvadfasdfad-1024x682.jpg 1024w, https:\/\/labestiapolitica.com.mx\/wp-content\/uploads\/2026\/01\/asfdgvasdfdvadfasdfad-768x512.jpg 768w, https:\/\/labestiapolitica.com.mx\/wp-content\/uploads\/2026\/01\/asfdgvasdfdvadfasdfad-1536x1023.jpg 1536w\" sizes=\"auto, (max-width: 1600px) 100vw, 1600px\" \/><\/p>\n","protected":false},"excerpt":{"rendered":"<p>Mariana LOVERA \/\/ Con la visita del Secretario Nacional de Fortalecimiento Interno del Comit\u00e9 Ejecutivo Nacional del PAN, Juan Carlos Mart\u00ednez Terrazas, el Partido Acci\u00f3n Nacional en Tlaxcala dio el banderazo de salida a la construcci\u00f3n de su estructura electoral territorial rumbo a las elecciones de 2027, en las que se renovar\u00e1 la gubernatura, alcald\u00edas [&hellip;]<\/p>\n","protected":false},"author":6,"featured_media":59860,"comment_status":"open","ping_status":"open","sticky":false,"template":"","format":"standard","meta":{"footnotes":""},"categories":[3,248,247],"tags":[],"class_list":["post-59859","post","type-post","status-publish","format-standard","has-post-thumbnail","hentry","category-8-columnas","category-pan","category-politica"],"amp_enabled":true,"_links":{"self":[{"href":"https:\/\/labestiapolitica.com.mx\/index.php?rest_route=\/wp\/v2\/posts\/59859","targetHints":{"allow":["GET"]}}],"collection":[{"href":"https:\/\/labestiapolitica.com.mx\/index.php?rest_route=\/wp\/v2\/posts"}],"about":[{"href":"https:\/\/labestiapolitica.com.mx\/index.php?rest_route=\/wp\/v2\/types\/post"}],"author":[{"embeddable":true,"href":"https:\/\/labestiapolitica.com.mx\/index.php?rest_route=\/wp\/v2\/users\/6"}],"replies":[{"embeddable":true,"href":"https:\/\/labestiapolitica.com.mx\/index.php?rest_route=%2Fwp%2Fv2%2Fcomments&post=59859"}],"version-history":[{"count":2,"href":"https:\/\/labestiapolitica.com.mx\/index.php?rest_route=\/wp\/v2\/posts\/59859\/revisions"}],"predecessor-version":[{"id":59863,"href":"https:\/\/labestiapolitica.com.mx\/index.php?rest_route=\/wp\/v2\/posts\/59859\/revisions\/59863"}],"wp:featuredmedia":[{"embeddable":true,"href":"https:\/\/labestiapolitica.com.mx\/index.php?rest_route=\/wp\/v2\/media\/59860"}],"wp:attachment":[{"href":"https:\/\/labestiapolitica.com.mx\/index.php?rest_route=%2Fwp%2Fv2%2Fmedia&parent=59859"}],"wp:term":[{"taxonomy":"category","embeddable":true,"href":"https:\/\/labestiapolitica.com.mx\/index.php?rest_route=%2Fwp%2Fv2%2Fcategories&post=59859"},{"taxonomy":"post_tag","embeddable":true,"href":"https:\/\/labestiapolitica.com.mx\/index.php?rest_route=%2Fwp%2Fv2%2Ftags&post=59859"}],"curies":[{"name":"wp","href":"https:\/\/api.w.org\/{rel}","templated":true}]}}