{"id":59864,"date":"2026-01-28T16:32:58","date_gmt":"2026-01-28T22:32:58","guid":{"rendered":"https:\/\/labestiapolitica.com.mx\/?p=59864"},"modified":"2026-01-28T16:32:58","modified_gmt":"2026-01-28T22:32:58","slug":"vecinos-de-acuitlapilco-denuncian-supuestas-agresiones-de-hijos-de-la-presidenta-de-comunidad","status":"publish","type":"post","link":"https:\/\/labestiapolitica.com.mx\/?p=59864","title":{"rendered":"Vecinos de Acuitlapilco denuncian supuestas agresiones de hijos de la presidenta de comunidad"},"content":{"rendered":"<p class=\"p1\" style=\"text-align: justify;\"><span class=\"s1\">Ana S\u00e1nchez<span class=\"Apple-converted-space\">\u00a0 <\/span>\/\/ La comunidad de Acuitlapilco se encuentra en un estado de \u00abingobernabilidad\u00bb e inseguridad debido a presuntas agresiones y prepotencia de los hijos de la presidenta de la localidad, Mar\u00eda Luisa Cuapio Carrillo, seg\u00fan denunci\u00f3 p\u00fablicamente Pedro Flores Cote, originario y secretario del comit\u00e9 del pante\u00f3n de la localidad.<\/span><\/p>\n<p class=\"p1\" style=\"text-align: justify;\"><span class=\"s1\">Los hechos m\u00e1s recientes ocurrieron este mi\u00e9rcoles a las afueras del jard\u00edn de ni\u00f1os local, seg\u00fan el relato de Flores Cote, sus familiares fueron a recoger a su nieta cuando fueron agredidos. <\/span><\/p>\n<p class=\"p1\" style=\"text-align: justify;\"><span class=\"s1\">El denunciante afirm\u00f3 que la directora de la escuela \u00absolap\u00f3\u00bb al presunto agresor, uno de los hijos de la presidenta de comunidad, al esconderlo dentro del plantel, refiri\u00f3 que minutos despu\u00e9s, entre 6 y 8 familiares del joven llegaron al lugar para intentar agredir a su familia.<\/span><\/p>\n<p class=\"p1\" style=\"text-align: justify;\"><span class=\"s1\">\u00abHago responsable alguna cosa que le llegue a pasar a mi familia, tanto al ayuntamiento de Tlaxcala como a la presidenta de comunidad\u00bb, declar\u00f3 Flores Cote en un mensaje dirigido a las autoridades.<\/span><\/p>\n<p class=\"p1\" style=\"text-align: justify;\"><span class=\"s1\">La denuncia no se limita al incidente en el k\u00ednder, Flores Cote asegur\u00f3 que este es un patr\u00f3n de conducta, mencion\u00f3 que los hijos de la presidenta tambi\u00e9n agredieron a integrantes del comit\u00e9 de agua potable durante una asamblea general y que \u00e9l mismo fue amenazado dentro de la presidencia de comunidad.<\/span><\/p>\n<p class=\"p1\" style=\"text-align: justify;\"><span class=\"s1\">\u00abHay varias personas que las han agredido tambi\u00e9n por los hijos de la presidenta y, por miedo, no han denunciado\u00bb afirm\u00f3.<\/span><\/p>\n<p class=\"p1\" style=\"text-align: justify;\"><span class=\"s1\">El conflicto tiene un trasfondo en la gesti\u00f3n del pante\u00f3n de la comunidad, Flores Cote, como secretario del comit\u00e9, acus\u00f3 a la presidenta de obstaculizar la entrega del terreno, que finalmente se obtuvo mediante un juicio, este punto, seg\u00fan \u00e9l, ha exacerbado la tensi\u00f3n.<\/span><\/p>\n<p class=\"p1\" style=\"text-align: justify;\"><span class=\"s1\">El denunciante hizo un llamado urgente a la gobernadora Lorena Cu\u00e9llar Cisneros para que \u00abponga orden en Acuitlapilco\u00bb, advirti\u00f3 que, de no intervenir las autoridades superiores, la comunidad \u00abse va a volver a alzar\u00bb, en referencia a posibles conflictos sociales mayores.<\/span><\/p>\n<p class=\"p1\" style=\"text-align: justify;\"><span class=\"s1\">Pedro Flores Cote inform\u00f3 que est\u00e1 evaluando presentar una denuncia formal por la agresi\u00f3n y que la informaci\u00f3n de los hechos ya se est\u00e1 difundiendo entre los grupos de vecinos de Acuitlapilco para que la comunidad est\u00e9 enterada.<\/span><\/p>\n","protected":false},"excerpt":{"rendered":"<p>Ana S\u00e1nchez\u00a0 \/\/ La comunidad de Acuitlapilco se encuentra en un estado de \u00abingobernabilidad\u00bb e inseguridad debido a presuntas agresiones y prepotencia de los hijos de la presidenta de la localidad, Mar\u00eda Luisa Cuapio Carrillo, seg\u00fan denunci\u00f3 p\u00fablicamente Pedro Flores Cote, originario y secretario del comit\u00e9 del pante\u00f3n de la localidad. Los hechos m\u00e1s recientes [&hellip;]<\/p>\n","protected":false},"author":3,"featured_media":59866,"comment_status":"open","ping_status":"open","sticky":false,"template":"","format":"standard","meta":{"footnotes":""},"categories":[7],"tags":[],"class_list":["post-59864","post","type-post","status-publish","format-standard","has-post-thumbnail","hentry","category-ciudadanos"],"amp_enabled":true,"_links":{"self":[{"href":"https:\/\/labestiapolitica.com.mx\/index.php?rest_route=\/wp\/v2\/posts\/59864","targetHints":{"allow":["GET"]}}],"collection":[{"href":"https:\/\/labestiapolitica.com.mx\/index.php?rest_route=\/wp\/v2\/posts"}],"about":[{"href":"https:\/\/labestiapolitica.com.mx\/index.php?rest_route=\/wp\/v2\/types\/post"}],"author":[{"embeddable":true,"href":"https:\/\/labestiapolitica.com.mx\/index.php?rest_route=\/wp\/v2\/users\/3"}],"replies":[{"embeddable":true,"href":"https:\/\/labestiapolitica.com.mx\/index.php?rest_route=%2Fwp%2Fv2%2Fcomments&post=59864"}],"version-history":[{"count":1,"href":"https:\/\/labestiapolitica.com.mx\/index.php?rest_route=\/wp\/v2\/posts\/59864\/revisions"}],"predecessor-version":[{"id":59867,"href":"https:\/\/labestiapolitica.com.mx\/index.php?rest_route=\/wp\/v2\/posts\/59864\/revisions\/59867"}],"wp:featuredmedia":[{"embeddable":true,"href":"https:\/\/labestiapolitica.com.mx\/index.php?rest_route=\/wp\/v2\/media\/59866"}],"wp:attachment":[{"href":"https:\/\/labestiapolitica.com.mx\/index.php?rest_route=%2Fwp%2Fv2%2Fmedia&parent=59864"}],"wp:term":[{"taxonomy":"category","embeddable":true,"href":"https:\/\/labestiapolitica.com.mx\/index.php?rest_route=%2Fwp%2Fv2%2Fcategories&post=59864"},{"taxonomy":"post_tag","embeddable":true,"href":"https:\/\/labestiapolitica.com.mx\/index.php?rest_route=%2Fwp%2Fv2%2Ftags&post=59864"}],"curies":[{"name":"wp","href":"https:\/\/api.w.org\/{rel}","templated":true}]}}