{"id":59870,"date":"2026-01-28T17:32:11","date_gmt":"2026-01-28T23:32:11","guid":{"rendered":"https:\/\/labestiapolitica.com.mx\/?p=59870"},"modified":"2026-01-28T17:32:11","modified_gmt":"2026-01-28T23:32:11","slug":"la-magdalena-tlaltelulco-inaugura-c2-reducen-68-la-incidencia-delictiva","status":"publish","type":"post","link":"https:\/\/labestiapolitica.com.mx\/?p=59870","title":{"rendered":"La Magdalena Tlaltelulco inaugura C2; reducen 68% la incidencia delictiva."},"content":{"rendered":"<p style=\"text-align: justify;\">La alcaldesa del Gobierno Municipal de La Magdalena Tlaltelulco, Roc\u00edo Mel\u00e9ndez y la gobernadora del Estado de Tlaxcala, Lic. Lorena Cu\u00e9llar Cisneros inauguraron el nuevo Centro de Control y Comando (C2), el cual cuenta con 80 c\u00e1maras de vigilancia en puntos estrat\u00e9gicos.<\/p>\n<p style=\"text-align: justify;\">Durante el evento, la gobernadora Lorena Cuellar elogi\u00f3 el compromiso y dedicaci\u00f3n de la alcaldesa en las mesas de seguridad donde se tratan ejes prioritarios para erradicar la delincuencia.<\/p>\n<p style=\"text-align: justify;\">Por su parte, Maximino Hern\u00e1ndez Pulido, secretario ejecutivo del Sistema Estatal de Seguridad Publica, dio a conocer que en Tlaltelulco se ha logrado una reducci\u00f3n hist\u00f3rica del 68% en la incidencia delictiva local, en comparaci\u00f3n de administraciones pasadas. Adem\u00e1s, reconoci\u00f3 el liderazgo femenino de Roc\u00edo Mel\u00e9ndez, el cual ha sido fundamental para estos resultados.<\/p>\n<p style=\"text-align: justify;\">Finalmente, la alcaldesa Roc\u00edo Mel\u00e9ndez destac\u00f3 que \u201cla inauguraci\u00f3n del Centro de Control y Comando (C2), no es solo infraestructura; es la consolidaci\u00f3n de una estrategia de seguridad construida con planeaci\u00f3n y trabajo coordinado con el Gobierno del Estado\u00bb.<\/p>\n","protected":false},"excerpt":{"rendered":"<p>La alcaldesa del Gobierno Municipal de La Magdalena Tlaltelulco, Roc\u00edo Mel\u00e9ndez y la gobernadora del Estado de Tlaxcala, Lic. Lorena Cu\u00e9llar Cisneros inauguraron el nuevo Centro de Control y Comando (C2), el cual cuenta con 80 c\u00e1maras de vigilancia en puntos estrat\u00e9gicos. Durante el evento, la gobernadora Lorena Cuellar elogi\u00f3 el compromiso y dedicaci\u00f3n de [&hellip;]<\/p>\n","protected":false},"author":5,"featured_media":59871,"comment_status":"open","ping_status":"open","sticky":false,"template":"","format":"standard","meta":{"footnotes":""},"categories":[12,218,216],"tags":[],"class_list":["post-59870","post","type-post","status-publish","format-standard","has-post-thumbnail","hentry","category-brujula-2026","category-la-magdalena-tlaltelulco","category-municipios"],"amp_enabled":true,"_links":{"self":[{"href":"https:\/\/labestiapolitica.com.mx\/index.php?rest_route=\/wp\/v2\/posts\/59870","targetHints":{"allow":["GET"]}}],"collection":[{"href":"https:\/\/labestiapolitica.com.mx\/index.php?rest_route=\/wp\/v2\/posts"}],"about":[{"href":"https:\/\/labestiapolitica.com.mx\/index.php?rest_route=\/wp\/v2\/types\/post"}],"author":[{"embeddable":true,"href":"https:\/\/labestiapolitica.com.mx\/index.php?rest_route=\/wp\/v2\/users\/5"}],"replies":[{"embeddable":true,"href":"https:\/\/labestiapolitica.com.mx\/index.php?rest_route=%2Fwp%2Fv2%2Fcomments&post=59870"}],"version-history":[{"count":1,"href":"https:\/\/labestiapolitica.com.mx\/index.php?rest_route=\/wp\/v2\/posts\/59870\/revisions"}],"predecessor-version":[{"id":59872,"href":"https:\/\/labestiapolitica.com.mx\/index.php?rest_route=\/wp\/v2\/posts\/59870\/revisions\/59872"}],"wp:featuredmedia":[{"embeddable":true,"href":"https:\/\/labestiapolitica.com.mx\/index.php?rest_route=\/wp\/v2\/media\/59871"}],"wp:attachment":[{"href":"https:\/\/labestiapolitica.com.mx\/index.php?rest_route=%2Fwp%2Fv2%2Fmedia&parent=59870"}],"wp:term":[{"taxonomy":"category","embeddable":true,"href":"https:\/\/labestiapolitica.com.mx\/index.php?rest_route=%2Fwp%2Fv2%2Fcategories&post=59870"},{"taxonomy":"post_tag","embeddable":true,"href":"https:\/\/labestiapolitica.com.mx\/index.php?rest_route=%2Fwp%2Fv2%2Ftags&post=59870"}],"curies":[{"name":"wp","href":"https:\/\/api.w.org\/{rel}","templated":true}]}}