{"id":59874,"date":"2026-01-28T17:39:21","date_gmt":"2026-01-28T23:39:21","guid":{"rendered":"https:\/\/labestiapolitica.com.mx\/?p=59874"},"modified":"2026-01-28T18:30:20","modified_gmt":"2026-01-29T00:30:20","slug":"aumentara-imss-capacidad-hospitalaria-en-tlaxcala-con-nuevo-nosocomio","status":"publish","type":"post","link":"https:\/\/labestiapolitica.com.mx\/?p=59874","title":{"rendered":"Aumentar\u00e1 IMSS capacidad hospitalaria en Tlaxcala con nuevo nosocomio"},"content":{"rendered":"<ul>\n<li class=\"p1\" style=\"text-align: justify;\">El Consejo T\u00e9cnico del Instituto aprob\u00f3 el proyecto de construcci\u00f3n de un HGR de 260 camas, en un terreno donado por el gobierno estatal de m\u00e1s de 75 mil m\u00b2 en San Esteban Tizatl\u00e1n.<\/li>\n<\/ul>\n<blockquote>\n<p style=\"text-align: justify;\"><span class=\"s1\">La capacidad de atenci\u00f3n pasar\u00e1 de 0.56 a 1.09 camas por cada mil derechohabientes.<\/span><\/p>\n<\/blockquote>\n<p class=\"p1\" style=\"text-align: justify;\"><span class=\"s1\">Mariana LOVERA\/\/El H. Consejo T\u00e9cnico del Instituto Mexicano del Seguro Social (IMSS) aprob\u00f3 el proyecto de donaci\u00f3n de un terreno para la construcci\u00f3n del Hospital General Regional (HGR) con Medicina Familiar de 260 camas en el estado de Tlaxcala, lo que permitir\u00e1 fortalecer significativamente la infraestructura m\u00e9dica y ampliar la capacidad de atenci\u00f3n a la poblaci\u00f3n derechohabiente de la entidad.<\/span><\/p>\n<p class=\"p1\" style=\"text-align: justify;\"><span class=\"s1\">Durante una sesi\u00f3n ordinaria encabezada por el director general del IMSS, Zo\u00e9 Robledo, el director de Administraci\u00f3n, Borsalino Gonz\u00e1lez Andrade, detall\u00f3 que el gobierno de Tlaxcala ofreci\u00f3 en donaci\u00f3n un terreno de 75 mil 959 metros cuadrados, ubicado en la comunidad de San Esteban Tizatl\u00e1n en la \u00a0capital tlaxcalteca.\u00a0<\/span><\/p>\n<p class=\"p1\" style=\"text-align: justify;\"><span class=\"s1\">Se inform\u00f3 que el predio cumple con la certeza jur\u00eddica y viabilidad t\u00e9cnica necesarias, tras una revisi\u00f3n exhaustiva conforme a los procedimientos institucionales. Asimismo, se confirm\u00f3 que el pol\u00edgono se encuentra fuera de cualquier r\u00e9gimen ejidal o comunal, lo que brinda total seguridad legal para el desarrollo del proyecto.<\/span><\/p>\n<p class=\"p1\" style=\"text-align: justify;\"><span class=\"s1\">Gonz\u00e1lez Andrade subray\u00f3 que este nuevo hospital responde al crecimiento sostenido de la poblaci\u00f3n derechohabiente en Tlaxcala, que actualmente supera las 462 mil personas y continuar\u00e1 en aumento. Destac\u00f3 el impacto transformador de la obra: \u00abCon la puesta en marcha de este hospital se fortalecer\u00e1 su capacidad de atenci\u00f3n al pasar de 0.56 a 1.09 camas por cada mil derechohabientes\u00bb, mejorando radicalmente el acceso a servicios m\u00e9dicos de Segundo Nivel.<\/span><\/p>\n<p class=\"p1\" style=\"text-align: justify;\"><span class=\"s1\">Esta unidad de Segundo Nivel de atenci\u00f3n contar\u00e1 con servicios especializados y de alta tecnolog\u00eda para ofrecer atenci\u00f3n integral. Entre sus instalaciones se encuentran:<\/span><\/p>\n<p class=\"p1\"><span class=\"s1\">\u00b7 Unidad de Cuidados Intensivos Neonatales, Pedi\u00e1tricos y Adultos.<\/span><\/p>\n<p class=\"p1\"><span class=\"s1\">\u00b7 \u00c1reas de Hospitalizaci\u00f3n y Quir\u00f3fanos.<\/span><\/p>\n<p class=\"p1\"><span class=\"s1\">\u00b7 Acelerador Lineal (para tratamientos oncol\u00f3gicos).<\/span><\/p>\n<p class=\"p1\"><span class=\"s1\">\u00b7 Consultorios de Medicina Familiar.<\/span><\/p>\n<p class=\"p1\"><span class=\"s1\">\u00b7 Centro de Mezclas.<\/span><\/p>\n<p class=\"p1\" style=\"text-align: justify;\"><span class=\"s1\">Con la aprobaci\u00f3n de este proyecto, el IMSS inicia el proceso para la construcci\u00f3n de una obra que promete elevar el est\u00e1ndar de atenci\u00f3n m\u00e9dica especializada y cubrir una necesidad creciente en el estado de Tlaxcala.<\/span><\/p>\n","protected":false},"excerpt":{"rendered":"<p>El Consejo T\u00e9cnico del Instituto aprob\u00f3 el proyecto de construcci\u00f3n de un HGR de 260 camas, en un terreno donado por el gobierno estatal de m\u00e1s de 75 mil m\u00b2 en San Esteban Tizatl\u00e1n. La capacidad de atenci\u00f3n pasar\u00e1 de 0.56 a 1.09 camas por cada mil derechohabientes. Mariana LOVERA\/\/El H. Consejo T\u00e9cnico del Instituto [&hellip;]<\/p>\n","protected":false},"author":6,"featured_media":59875,"comment_status":"open","ping_status":"open","sticky":false,"template":"","format":"standard","meta":{"footnotes":""},"categories":[3,7],"tags":[],"class_list":["post-59874","post","type-post","status-publish","format-standard","has-post-thumbnail","hentry","category-8-columnas","category-ciudadanos"],"amp_enabled":true,"_links":{"self":[{"href":"https:\/\/labestiapolitica.com.mx\/index.php?rest_route=\/wp\/v2\/posts\/59874","targetHints":{"allow":["GET"]}}],"collection":[{"href":"https:\/\/labestiapolitica.com.mx\/index.php?rest_route=\/wp\/v2\/posts"}],"about":[{"href":"https:\/\/labestiapolitica.com.mx\/index.php?rest_route=\/wp\/v2\/types\/post"}],"author":[{"embeddable":true,"href":"https:\/\/labestiapolitica.com.mx\/index.php?rest_route=\/wp\/v2\/users\/6"}],"replies":[{"embeddable":true,"href":"https:\/\/labestiapolitica.com.mx\/index.php?rest_route=%2Fwp%2Fv2%2Fcomments&post=59874"}],"version-history":[{"count":3,"href":"https:\/\/labestiapolitica.com.mx\/index.php?rest_route=\/wp\/v2\/posts\/59874\/revisions"}],"predecessor-version":[{"id":59879,"href":"https:\/\/labestiapolitica.com.mx\/index.php?rest_route=\/wp\/v2\/posts\/59874\/revisions\/59879"}],"wp:featuredmedia":[{"embeddable":true,"href":"https:\/\/labestiapolitica.com.mx\/index.php?rest_route=\/wp\/v2\/media\/59875"}],"wp:attachment":[{"href":"https:\/\/labestiapolitica.com.mx\/index.php?rest_route=%2Fwp%2Fv2%2Fmedia&parent=59874"}],"wp:term":[{"taxonomy":"category","embeddable":true,"href":"https:\/\/labestiapolitica.com.mx\/index.php?rest_route=%2Fwp%2Fv2%2Fcategories&post=59874"},{"taxonomy":"post_tag","embeddable":true,"href":"https:\/\/labestiapolitica.com.mx\/index.php?rest_route=%2Fwp%2Fv2%2Ftags&post=59874"}],"curies":[{"name":"wp","href":"https:\/\/api.w.org\/{rel}","templated":true}]}}