{"id":59883,"date":"2026-01-28T19:59:10","date_gmt":"2026-01-29T01:59:10","guid":{"rendered":"https:\/\/labestiapolitica.com.mx\/?p=59883"},"modified":"2026-01-29T12:59:40","modified_gmt":"2026-01-29T18:59:40","slug":"morena-pt-y-verde-sellan-pacto-rumbo-a-2027-y-reafirman-apoyo-total-a-sheinbaum","status":"publish","type":"post","link":"https:\/\/labestiapolitica.com.mx\/?p=59883","title":{"rendered":"Morena, PT y Verde sellan pacto rumbo a 2027 y reafirman apoyo total a Sheinbaum."},"content":{"rendered":"<p style=\"text-align: justify;\">Mariana LOVERA |\u00a0 En un acto de unidad pol\u00edtica estrat\u00e9gica, las dirigencias nacionales de Morena, el Partido del Trabajo (PT) y el Partido Verde Ecologista de M\u00e9xico (PVEM) suscribieron una declaraci\u00f3n conjunta en la que refrendan la continuidad de su alianza rumbo a las elecciones federales de 2027 y ratifican su respaldo inquebrantable a la presidenta Claudia Sheinbaum Pardo.<\/p>\n<p style=\"text-align: justify;\">El documento, fechado el 28 de enero, busca proyectar fortaleza y estabilidad al interior de la coalici\u00f3n gobernante, poniendo fin a especulaciones sobre posibles fracturas o reacomodos en la v\u00edspera del pr\u00f3ximo proceso electoral. Los tres partidos se comprometen a \u00abmantener, fortalecer y profundizar la coalici\u00f3n para defender y consolidar la Cuarta Transformaci\u00f3n\u00bb.<\/p>\n<p style=\"text-align: justify;\">\u00abReferendamos la unidad pol\u00edtica de la alianza rumbo al 2027 para garantizar la continuidad del proyecto de transformaci\u00f3n\u00bb, se lee en la declaraci\u00f3n, cuyo objetivo declarado es construir un pa\u00eds \u00abm\u00e1s justo, democr\u00e1tico, igualitario, incluyente, independiente\u00bb y lograr \u00aben los hechos un verdadero Estado de Bienestar\u00bb.<\/p>\n<p style=\"text-align: justify;\">Un pilar central del acuerdo es el respaldo expl\u00edcito a la primera mujer presidenta de M\u00e9xico, Claudia Sheinbaum. Los partidos signatarios \u00abratifican nuestro apoyo, respaldo y acompa\u00f1amiento\u00bb a la mandataria, a quien describen como \u00abla m\u00e1s votada de la historia del pa\u00eds\u00bb. Adem\u00e1s, subrayan el compromiso de anteponer \u00abel inter\u00e9s de M\u00e9xico por encima de cualquier inter\u00e9s de partido\u00bb.<\/p>\n<p style=\"text-align: justify;\">La alianza, que se origin\u00f3 en la campa\u00f1a presidencial de 2018, ha sido el motor electoral que llev\u00f3 a Andr\u00e9s Manuel L\u00f3pez Obrador a la presidencia en ese a\u00f1o y, de manera continua, a Claudia Sheinbaum en 2024. La declaraci\u00f3n conmemora estos \u00abtriunfos hist\u00f3ricos\u00bb y los presenta como la base para la continuidad del proyecto.<\/p>\n<p style=\"text-align: justify;\">La declaraci\u00f3n fue firmada por Luisa Mar\u00eda Alcalde Luj\u00e1n, por Morena; Karen Castrej\u00f3n Trujillo, por el PVEM; y Alberto Anaya Guti\u00e9rrez, por el PT.<\/p>\n","protected":false},"excerpt":{"rendered":"<p>Mariana LOVERA |\u00a0 En un acto de unidad pol\u00edtica estrat\u00e9gica, las dirigencias nacionales de Morena, el Partido del Trabajo (PT) y el Partido Verde Ecologista de M\u00e9xico (PVEM) suscribieron una declaraci\u00f3n conjunta en la que refrendan la continuidad de su alianza rumbo a las elecciones federales de 2027 y ratifican su respaldo inquebrantable a la [&hellip;]<\/p>\n","protected":false},"author":6,"featured_media":59884,"comment_status":"open","ping_status":"open","sticky":false,"template":"","format":"standard","meta":{"footnotes":""},"categories":[249,247],"tags":[],"class_list":["post-59883","post","type-post","status-publish","format-standard","has-post-thumbnail","hentry","category-morena","category-politica"],"amp_enabled":true,"_links":{"self":[{"href":"https:\/\/labestiapolitica.com.mx\/index.php?rest_route=\/wp\/v2\/posts\/59883","targetHints":{"allow":["GET"]}}],"collection":[{"href":"https:\/\/labestiapolitica.com.mx\/index.php?rest_route=\/wp\/v2\/posts"}],"about":[{"href":"https:\/\/labestiapolitica.com.mx\/index.php?rest_route=\/wp\/v2\/types\/post"}],"author":[{"embeddable":true,"href":"https:\/\/labestiapolitica.com.mx\/index.php?rest_route=\/wp\/v2\/users\/6"}],"replies":[{"embeddable":true,"href":"https:\/\/labestiapolitica.com.mx\/index.php?rest_route=%2Fwp%2Fv2%2Fcomments&post=59883"}],"version-history":[{"count":1,"href":"https:\/\/labestiapolitica.com.mx\/index.php?rest_route=\/wp\/v2\/posts\/59883\/revisions"}],"predecessor-version":[{"id":59885,"href":"https:\/\/labestiapolitica.com.mx\/index.php?rest_route=\/wp\/v2\/posts\/59883\/revisions\/59885"}],"wp:featuredmedia":[{"embeddable":true,"href":"https:\/\/labestiapolitica.com.mx\/index.php?rest_route=\/wp\/v2\/media\/59884"}],"wp:attachment":[{"href":"https:\/\/labestiapolitica.com.mx\/index.php?rest_route=%2Fwp%2Fv2%2Fmedia&parent=59883"}],"wp:term":[{"taxonomy":"category","embeddable":true,"href":"https:\/\/labestiapolitica.com.mx\/index.php?rest_route=%2Fwp%2Fv2%2Fcategories&post=59883"},{"taxonomy":"post_tag","embeddable":true,"href":"https:\/\/labestiapolitica.com.mx\/index.php?rest_route=%2Fwp%2Fv2%2Ftags&post=59883"}],"curies":[{"name":"wp","href":"https:\/\/api.w.org\/{rel}","templated":true}]}}