{"id":59941,"date":"2026-01-29T12:56:29","date_gmt":"2026-01-29T18:56:29","guid":{"rendered":"https:\/\/labestiapolitica.com.mx\/?p=59941"},"modified":"2026-01-29T12:59:24","modified_gmt":"2026-01-29T18:59:24","slug":"la-preocupacion-de-los-colectivos-es-legitima-gobierno-pide-dialogo-tras-nombramiento-en-ceavit","status":"publish","type":"post","link":"https:\/\/labestiapolitica.com.mx\/?p=59941","title":{"rendered":"\u201cLa preocupaci\u00f3n de los colectivos es leg\u00edtima\u201d: Gobierno pide di\u00e1logo tras nombramiento en CEAVIT"},"content":{"rendered":"<blockquote>\n<p class=\"p1\" style=\"text-align: justify;\"><span class=\"s1\">*** El vocero gubernamental, Antonio Mart\u00ednez Vel\u00e1zquez, reconoci\u00f3 la inquietud de activistas ante la designaci\u00f3n de M\u00f3nica Jim\u00e9nez Guti\u00e9rrez y exhort\u00f3 al acercamiento directo para evaluar su trabajo en el terreno.<\/span><\/p>\n<\/blockquote>\n<p class=\"p1\" style=\"text-align: justify;\"><span class=\"s1\">Mariana LOVERA\/\/ El gobierno estatal reconoci\u00f3 este jueves la legitimidad de la preocupaci\u00f3n expresada por colectivos de v\u00edctimas y defensores de derechos humanos, tras la designaci\u00f3n de M\u00f3nica Jim\u00e9nez Guti\u00e9rrez al frente de la Comisi\u00f3n de Atenci\u00f3n a V\u00edctimas, un nombramiento cuestionado por se\u00f1alamientos de presunta corrupci\u00f3n contra la funcionaria.<\/span><\/p>\n<p class=\"p1\" style=\"text-align: justify;\"><span class=\"s1\">Ante los pronunciamientos p\u00fablicos de rechazo por parte de activistas, el vocero del gobierno, Antonio Mart\u00ednez Vel\u00e1zquez, pidi\u00f3 establecer un puente de di\u00e1logo entre los inconformes y la nueva titular.<\/span><\/p>\n<p class=\"p1\" style=\"text-align: justify;\"><span class=\"s1\">\u00abLa preocupaci\u00f3n es leg\u00edtima\u00bb, afirm\u00f3 Mart\u00ednez Vel\u00e1zquez en declaraciones a medios. \u00abLa recomendaci\u00f3n ser\u00eda que insistieran [en el di\u00e1logo] y que la doctora, pues, tiene ese encargo de la gobernadora de tener la mayor empat\u00eda con las v\u00edctimas y con todos\u00bb.<\/span><\/p>\n<p class=\"p1\" style=\"text-align: justify;\"><span class=\"s1\">La designaci\u00f3n de Jim\u00e9nez Guti\u00e9rrez ha generado escepticismo debido a se\u00f1alamientos ciudadanos y medi\u00e1ticos por supuestos actos de corrupci\u00f3n y extorsi\u00f3n durante su anterior gesti\u00f3n al frente de la Comisi\u00f3n Estatal para la Protecci\u00f3n contra Riesgos Sanitarios (Coeprist).<\/span><\/p>\n<p class=\"p1\" style=\"text-align: justify;\"><span class=\"s1\">En un discurso centrado en la naturaleza del trabajo con v\u00edctimas, Mart\u00ednez Vel\u00e1zquez describi\u00f3 el mandato dado a Jim\u00e9nez Guti\u00e9rrez por parte de la gobernadora como uno basado en la escucha activa y la acci\u00f3n.<\/span><\/p>\n<p class=\"p1\" style=\"text-align: justify;\"><span class=\"s1\">\u00abLo importante es que est\u00e9 junto a la ciudadan\u00eda, a los colectivos de v\u00edctimas. Esa es la instrucci\u00f3n que da la gobernadora\u00bb, expres\u00f3 el vocero. \u00abM\u00f3nica tiene el encargo, la instrucci\u00f3n de escuchar, de tomar y demostrar con un trabajo el tema de las v\u00edctimas\u00bb.<\/span><\/p>\n<p class=\"p1\" style=\"text-align: justify;\"><span class=\"s1\">Destac\u00f3 que el trabajo en materia de derechos humanos es continuo (\u00ab24-7\u00bb) y requiere una profunda empat\u00eda. \u00abTienes que estar verdaderamente desde la instituci\u00f3n en los zapatos del otro&#8230; porque el reclamo de las v\u00edctimas por la justicia es un reclamo que siempre est\u00e1 fundado\u00bb, explic\u00f3, refiri\u00e9ndose a violaciones previas como desapariciones o homicidios.<\/span><\/p>\n<p class=\"p1\" style=\"text-align: justify;\"><span class=\"s1\">Mart\u00ednez Vel\u00e1zquez argument\u00f3 que la capacidad para desempe\u00f1ar el cargo se demuestra en la pr\u00e1ctica y no s\u00f3lo con la formaci\u00f3n acad\u00e9mica. \u00abSon cosas que adem\u00e1s tienen que ver mucho con trabajo, con la gente, con el territorio. Que s\u00f3lo se puede demostrar en el trabajo\u00bb, afirm\u00f3.<\/span><\/p>\n<p class=\"p1\" style=\"text-align: justify;\"><span class=\"s1\">Ante la desconfianza inicial, el funcionario hizo un llamado directo a los colectivos: \u00abLa petici\u00f3n ser\u00eda que busquen a M\u00f3nica, que dialoguen con ella. Y en el trabajo, pues, decidan en las organizaciones colectivas y las v\u00edctimas si el trabajo de M\u00f3nica es correcto\u00bb.<\/span><\/p>\n","protected":false},"excerpt":{"rendered":"<p>*** El vocero gubernamental, Antonio Mart\u00ednez Vel\u00e1zquez, reconoci\u00f3 la inquietud de activistas ante la designaci\u00f3n de M\u00f3nica Jim\u00e9nez Guti\u00e9rrez y exhort\u00f3 al acercamiento directo para evaluar su trabajo en el terreno. Mariana LOVERA\/\/ El gobierno estatal reconoci\u00f3 este jueves la legitimidad de la preocupaci\u00f3n expresada por colectivos de v\u00edctimas y defensores de derechos humanos, tras [&hellip;]<\/p>\n","protected":false},"author":6,"featured_media":59944,"comment_status":"open","ping_status":"open","sticky":false,"template":"","format":"standard","meta":{"footnotes":""},"categories":[3,7],"tags":[],"class_list":["post-59941","post","type-post","status-publish","format-standard","has-post-thumbnail","hentry","category-8-columnas","category-ciudadanos"],"amp_enabled":true,"_links":{"self":[{"href":"https:\/\/labestiapolitica.com.mx\/index.php?rest_route=\/wp\/v2\/posts\/59941","targetHints":{"allow":["GET"]}}],"collection":[{"href":"https:\/\/labestiapolitica.com.mx\/index.php?rest_route=\/wp\/v2\/posts"}],"about":[{"href":"https:\/\/labestiapolitica.com.mx\/index.php?rest_route=\/wp\/v2\/types\/post"}],"author":[{"embeddable":true,"href":"https:\/\/labestiapolitica.com.mx\/index.php?rest_route=\/wp\/v2\/users\/6"}],"replies":[{"embeddable":true,"href":"https:\/\/labestiapolitica.com.mx\/index.php?rest_route=%2Fwp%2Fv2%2Fcomments&post=59941"}],"version-history":[{"count":1,"href":"https:\/\/labestiapolitica.com.mx\/index.php?rest_route=\/wp\/v2\/posts\/59941\/revisions"}],"predecessor-version":[{"id":59945,"href":"https:\/\/labestiapolitica.com.mx\/index.php?rest_route=\/wp\/v2\/posts\/59941\/revisions\/59945"}],"wp:featuredmedia":[{"embeddable":true,"href":"https:\/\/labestiapolitica.com.mx\/index.php?rest_route=\/wp\/v2\/media\/59944"}],"wp:attachment":[{"href":"https:\/\/labestiapolitica.com.mx\/index.php?rest_route=%2Fwp%2Fv2%2Fmedia&parent=59941"}],"wp:term":[{"taxonomy":"category","embeddable":true,"href":"https:\/\/labestiapolitica.com.mx\/index.php?rest_route=%2Fwp%2Fv2%2Fcategories&post=59941"},{"taxonomy":"post_tag","embeddable":true,"href":"https:\/\/labestiapolitica.com.mx\/index.php?rest_route=%2Fwp%2Fv2%2Ftags&post=59941"}],"curies":[{"name":"wp","href":"https:\/\/api.w.org\/{rel}","templated":true}]}}