{"id":59967,"date":"2026-01-29T13:32:10","date_gmt":"2026-01-29T19:32:10","guid":{"rendered":"https:\/\/labestiapolitica.com.mx\/?p=59967"},"modified":"2026-01-29T13:32:10","modified_gmt":"2026-01-29T19:32:10","slug":"%f0%9f%8e%b6%f0%9f%8e%96%ef%b8%8f-sedena-respalda-proyecto-cultural-impulsado-por-ana-lilia-rivera-en-el-poniente-de-tlaxcala","status":"publish","type":"post","link":"https:\/\/labestiapolitica.com.mx\/?p=59967","title":{"rendered":"\ud83c\udfb6\ud83c\udf96\ufe0f SEDENA respalda proyecto cultural impulsado por Ana Lilia Rivera en el poniente de Tlaxcala"},"content":{"rendered":"<p style=\"text-align: justify;\" data-start=\"270\" data-end=\"633\">La <strong data-start=\"273\" data-end=\"323\"><span class=\"hover:entity-accent entity-underline inline cursor-pointer align-baseline\"><span class=\"whitespace-normal\">Secretar\u00eda de la Defensa Nacional<\/span><\/span> (SEDENA)<\/strong>, encabezada por el General <strong data-start=\"351\" data-end=\"392\"><span class=\"hover:entity-accent entity-underline inline cursor-pointer align-baseline\"><span class=\"whitespace-normal\">Ricardo Trevilla Trejo<\/span><\/span><\/strong>, respald\u00f3 el proyecto cultural impulsado por la senadora <strong data-start=\"450\" data-end=\"491\"><span class=\"hover:entity-accent entity-underline inline cursor-pointer align-baseline\"><span class=\"whitespace-normal\">Ana Lilia Rivera Rivera<\/span><\/span><\/strong>, al concretarse la donaci\u00f3n de instrumentos musicales destinados a la Escuela de M\u00fasica Regional <em data-start=\"589\" data-end=\"605\">Canto del Lobo<\/em> en el poniente de Tlaxcala.<\/p>\n<p style=\"text-align: justify;\" data-start=\"635\" data-end=\"1123\">Este apoyo permiti\u00f3 cumplir un compromiso asumido por la legisladora con las comunidades de la regi\u00f3n, al hacer posible el inicio de actividades de la Escuela de M\u00fasica Regional <strong data-start=\"813\" data-end=\"854\"><span class=\"hover:entity-accent entity-underline inline cursor-pointer align-baseline\"><span class=\"whitespace-normal\">Tlatzotzoncali Coyotecuani Cuicatl<\/span><\/span><\/strong>, cuyo nombre en n\u00e1huatl significa <em data-start=\"889\" data-end=\"905\">Canto del Lobo<\/em>. La senadora agradeci\u00f3 a la SEDENA la donaci\u00f3n de los instrumentos, que permitir\u00e1n a ni\u00f1as, ni\u00f1os y j\u00f3venes incorporarse a actividades culturales que fomentan su desarrollo y superaci\u00f3n a trav\u00e9s del canto y la m\u00fasica.<\/p>\n<p style=\"text-align: justify;\" data-start=\"1125\" data-end=\"1471\">Ana Lilia Rivera destac\u00f3 que este respaldo institucional, resultado de una gesti\u00f3n exitosa, fortalece la cultura y el arte como herramientas de prevenci\u00f3n social, al ofrecer alternativas positivas para la ni\u00f1ez y la juventud, contribuyendo a alejarlos de la violencia, las adicciones y otros factores de riesgo que afectan su desarrollo integral.<\/p>\n<p style=\"text-align: justify;\" data-start=\"1473\" data-end=\"1833\">Derivado de su cercan\u00eda con la ciudadan\u00eda, la legisladora identific\u00f3 la necesidad de impulsar la construcci\u00f3n e inauguraci\u00f3n de esta escuela de m\u00fasica en la comunidad de Santiago Cuaula, municipio de <strong data-start=\"1673\" data-end=\"1714\"><span class=\"hover:entity-accent entity-underline inline cursor-pointer align-baseline\"><span class=\"whitespace-normal\">Calpulalpan<\/span><\/span><\/strong>, concebida como un espacio cultural para fortalecer el tejido social y transformar la vida de las nuevas generaciones.<\/p>\n<p style=\"text-align: justify;\" data-start=\"1835\" data-end=\"2167\">La Escuela de M\u00fasica Regional brindar\u00e1 atenci\u00f3n a ni\u00f1as, ni\u00f1os y j\u00f3venes de los municipios de Calpulalpan, Nanacamilpa, Espa\u00f1ita, Hueyotlipan, Benito Ju\u00e1rez y Sanct\u00f3rum, e iniciar\u00e1 formalmente sus clases el pr\u00f3ximo 2 de marzo, consolid\u00e1ndose como un proyecto regional que apuesta por la cultura, la identidad y la prevenci\u00f3n social.<\/p>\n<p style=\"text-align: justify;\" data-start=\"2169\" data-end=\"2525\">Como integrante de la Comisi\u00f3n de Defensa Nacional del Senado de la Rep\u00fablica, Ana Lilia Rivera reconoci\u00f3 el respaldo de la SEDENA y subray\u00f3 que este tipo de acciones reflejan un compromiso institucional con el desarrollo integral de la ni\u00f1ez y juventud tlaxcalteca, contribuyendo de manera honesta a la construcci\u00f3n de paz desde la educaci\u00f3n y la cultura.<\/p>\n<p data-start=\"2169\" data-end=\"2525\"><img loading=\"lazy\" decoding=\"async\" class=\"alignnone size-full wp-image-59968\" src=\"https:\/\/labestiapolitica.com.mx\/wp-content\/uploads\/2026\/01\/WhatsApp-Image-2026-01-29-at-1.12.39-PM.jpeg\" alt=\"\" width=\"1600\" height=\"1066\" srcset=\"https:\/\/labestiapolitica.com.mx\/wp-content\/uploads\/2026\/01\/WhatsApp-Image-2026-01-29-at-1.12.39-PM.jpeg 1600w, https:\/\/labestiapolitica.com.mx\/wp-content\/uploads\/2026\/01\/WhatsApp-Image-2026-01-29-at-1.12.39-PM-300x200.jpeg 300w, https:\/\/labestiapolitica.com.mx\/wp-content\/uploads\/2026\/01\/WhatsApp-Image-2026-01-29-at-1.12.39-PM-1024x682.jpeg 1024w, https:\/\/labestiapolitica.com.mx\/wp-content\/uploads\/2026\/01\/WhatsApp-Image-2026-01-29-at-1.12.39-PM-768x512.jpeg 768w, https:\/\/labestiapolitica.com.mx\/wp-content\/uploads\/2026\/01\/WhatsApp-Image-2026-01-29-at-1.12.39-PM-1536x1023.jpeg 1536w\" sizes=\"auto, (max-width: 1600px) 100vw, 1600px\" \/><\/p>\n","protected":false},"excerpt":{"rendered":"<p>La Secretar\u00eda de la Defensa Nacional (SEDENA), encabezada por el General Ricardo Trevilla Trejo, respald\u00f3 el proyecto cultural impulsado por la senadora Ana Lilia Rivera Rivera, al concretarse la donaci\u00f3n de instrumentos musicales destinados a la Escuela de M\u00fasica Regional Canto del Lobo en el poniente de Tlaxcala. Este apoyo permiti\u00f3 cumplir un compromiso asumido [&hellip;]<\/p>\n","protected":false},"author":3,"featured_media":59969,"comment_status":"open","ping_status":"open","sticky":false,"template":"","format":"standard","meta":{"footnotes":""},"categories":[7,249],"tags":[],"class_list":["post-59967","post","type-post","status-publish","format-standard","has-post-thumbnail","hentry","category-ciudadanos","category-morena"],"amp_enabled":true,"_links":{"self":[{"href":"https:\/\/labestiapolitica.com.mx\/index.php?rest_route=\/wp\/v2\/posts\/59967","targetHints":{"allow":["GET"]}}],"collection":[{"href":"https:\/\/labestiapolitica.com.mx\/index.php?rest_route=\/wp\/v2\/posts"}],"about":[{"href":"https:\/\/labestiapolitica.com.mx\/index.php?rest_route=\/wp\/v2\/types\/post"}],"author":[{"embeddable":true,"href":"https:\/\/labestiapolitica.com.mx\/index.php?rest_route=\/wp\/v2\/users\/3"}],"replies":[{"embeddable":true,"href":"https:\/\/labestiapolitica.com.mx\/index.php?rest_route=%2Fwp%2Fv2%2Fcomments&post=59967"}],"version-history":[{"count":1,"href":"https:\/\/labestiapolitica.com.mx\/index.php?rest_route=\/wp\/v2\/posts\/59967\/revisions"}],"predecessor-version":[{"id":59970,"href":"https:\/\/labestiapolitica.com.mx\/index.php?rest_route=\/wp\/v2\/posts\/59967\/revisions\/59970"}],"wp:featuredmedia":[{"embeddable":true,"href":"https:\/\/labestiapolitica.com.mx\/index.php?rest_route=\/wp\/v2\/media\/59969"}],"wp:attachment":[{"href":"https:\/\/labestiapolitica.com.mx\/index.php?rest_route=%2Fwp%2Fv2%2Fmedia&parent=59967"}],"wp:term":[{"taxonomy":"category","embeddable":true,"href":"https:\/\/labestiapolitica.com.mx\/index.php?rest_route=%2Fwp%2Fv2%2Fcategories&post=59967"},{"taxonomy":"post_tag","embeddable":true,"href":"https:\/\/labestiapolitica.com.mx\/index.php?rest_route=%2Fwp%2Fv2%2Ftags&post=59967"}],"curies":[{"name":"wp","href":"https:\/\/api.w.org\/{rel}","templated":true}]}}