{"id":59971,"date":"2026-01-29T13:37:21","date_gmt":"2026-01-29T19:37:21","guid":{"rendered":"https:\/\/labestiapolitica.com.mx\/?p=59971"},"modified":"2026-01-29T13:51:22","modified_gmt":"2026-01-29T19:51:22","slug":"gobernadora-anuncia-visita-estrategica-de-garcia-harfuch","status":"publish","type":"post","link":"https:\/\/labestiapolitica.com.mx\/?p=59971","title":{"rendered":"Gobernadora anuncia visita estrat\u00e9gica de Garc\u00eda Harfuch"},"content":{"rendered":"<p class=\"p1\" style=\"text-align: justify;\">Ana S\u00e1nchez \/\/ En un contexto de alta percepci\u00f3n de inseguridad entre la poblaci\u00f3n, la gobernadora Lorena Cu\u00e9llar Cisneros anunci\u00f3 la pr\u00f3xima visita a la entidad de Omar Garc\u00eda Harfuch, secretario de Seguridad y Protecci\u00f3n Ciudadana federal. En otros temas, revel\u00f3 la autorizaci\u00f3n definitiva para la construcci\u00f3n del nuevo Hospital Regional del IMSS, con una inversi\u00f3n superior a los mil millones de pesos.<\/p>\n<p class=\"p1\" style=\"text-align: justify;\"><span class=\"s1\">La mandataria estatal confirm\u00f3 que se encuentra en la etapa final de organizaci\u00f3n para recibir a Garc\u00eda Harfuch, uno de los principales responsables de la estrategia de seguridad nacional, \u201crepresenta una distinci\u00f3n relevante para la entidad\u201d, afirm\u00f3, subrayando que la visita refleja el respaldo del Gobierno de M\u00e9xico y la coordinaci\u00f3n para fortalecer la paz y la gobernabilidad en Tlaxcala, aunque no precis\u00f3 la fecha, se\u00f1al\u00f3 que s\u00f3lo se est\u00e1n afinando detalles log\u00edsticos tras una verificaci\u00f3n previa de autoridades federales.<\/span><\/p>\n<p class=\"p1\" style=\"text-align: justify;\"><span class=\"s1\">En otros temas, y como aqu\u00ed se lo adelantamos, Cu\u00e9llar Cisneros revel\u00f3 que el Consejo T\u00e9cnico del IMSS aprob\u00f3 la donaci\u00f3n de un terreno y el proyecto para construir un Hospital Regional con Medicina Familiar,<span class=\"Apple-converted-space\">\u00a0 <\/span>\u201cpor fin vamos a tener un verdadero hospital para Tlaxcala, como lo merec\u00eda\u201d, expres\u00f3.<\/span><\/p>\n<p class=\"p1\" style=\"text-align: justify;\"><span class=\"s1\">Adem\u00e1s, Cu\u00e9llar Cisneros asegur\u00f3 que, para la presidenta Sheinbaum, Tlaxcala es \u201cejemplo nacional\u201d en programas de infraestructura, medio ambiente, salud y educaci\u00f3n, como prueba, destac\u00f3 que, por primera vez, el estado accedi\u00f3 a recursos de la **Uni\u00f3n Europea** para construir una planta tratadora de aguas residuales y un ecoparque pedag\u00f3gico en Xicohtzinco, beneficiando a 400 mil habitantes.<\/span><\/p>\n<p class=\"p1\" style=\"text-align: justify;\"><span class=\"s1\">Los anuncios, especialmente el refuerzo en seguridad federal y la magna obra hospitalaria, buscan enviar un mensaje de gesti\u00f3n y resultados a una ciudadan\u00eda que, seg\u00fan encuestas recientes, percibe altos niveles de inseguridad y demanda mejoras sustanciales en servicios p\u00fablicos, la gobernadora concluy\u00f3: \u201ctodo esto no lo hizo un solo gobierno, ustedes tambi\u00e9n lo hicieron, todos tenemos el profundo compromiso de levantar a Tlaxcala\u201d.<\/span><\/p>\n","protected":false},"excerpt":{"rendered":"<p>Ana S\u00e1nchez \/\/ En un contexto de alta percepci\u00f3n de inseguridad entre la poblaci\u00f3n, la gobernadora Lorena Cu\u00e9llar Cisneros anunci\u00f3 la pr\u00f3xima visita a la entidad de Omar Garc\u00eda Harfuch, secretario de Seguridad y Protecci\u00f3n Ciudadana federal. En otros temas, revel\u00f3 la autorizaci\u00f3n definitiva para la construcci\u00f3n del nuevo Hospital Regional del IMSS, con una [&hellip;]<\/p>\n","protected":false},"author":3,"featured_media":59981,"comment_status":"open","ping_status":"open","sticky":false,"template":"","format":"standard","meta":{"footnotes":""},"categories":[3,236],"tags":[],"class_list":["post-59971","post","type-post","status-publish","format-standard","has-post-thumbnail","hentry","category-8-columnas","category-gobierno-de-tlaxcala"],"amp_enabled":true,"_links":{"self":[{"href":"https:\/\/labestiapolitica.com.mx\/index.php?rest_route=\/wp\/v2\/posts\/59971","targetHints":{"allow":["GET"]}}],"collection":[{"href":"https:\/\/labestiapolitica.com.mx\/index.php?rest_route=\/wp\/v2\/posts"}],"about":[{"href":"https:\/\/labestiapolitica.com.mx\/index.php?rest_route=\/wp\/v2\/types\/post"}],"author":[{"embeddable":true,"href":"https:\/\/labestiapolitica.com.mx\/index.php?rest_route=\/wp\/v2\/users\/3"}],"replies":[{"embeddable":true,"href":"https:\/\/labestiapolitica.com.mx\/index.php?rest_route=%2Fwp%2Fv2%2Fcomments&post=59971"}],"version-history":[{"count":1,"href":"https:\/\/labestiapolitica.com.mx\/index.php?rest_route=\/wp\/v2\/posts\/59971\/revisions"}],"predecessor-version":[{"id":59973,"href":"https:\/\/labestiapolitica.com.mx\/index.php?rest_route=\/wp\/v2\/posts\/59971\/revisions\/59973"}],"wp:featuredmedia":[{"embeddable":true,"href":"https:\/\/labestiapolitica.com.mx\/index.php?rest_route=\/wp\/v2\/media\/59981"}],"wp:attachment":[{"href":"https:\/\/labestiapolitica.com.mx\/index.php?rest_route=%2Fwp%2Fv2%2Fmedia&parent=59971"}],"wp:term":[{"taxonomy":"category","embeddable":true,"href":"https:\/\/labestiapolitica.com.mx\/index.php?rest_route=%2Fwp%2Fv2%2Fcategories&post=59971"},{"taxonomy":"post_tag","embeddable":true,"href":"https:\/\/labestiapolitica.com.mx\/index.php?rest_route=%2Fwp%2Fv2%2Ftags&post=59971"}],"curies":[{"name":"wp","href":"https:\/\/api.w.org\/{rel}","templated":true}]}}