{"id":59974,"date":"2026-01-29T13:44:33","date_gmt":"2026-01-29T19:44:33","guid":{"rendered":"https:\/\/labestiapolitica.com.mx\/?p=59974"},"modified":"2026-01-29T13:52:23","modified_gmt":"2026-01-29T19:52:23","slug":"gobierno-defiende-nombrar-a-foraneo-al-frente-de-casa-tlaxcala-en-cdmx","status":"publish","type":"post","link":"https:\/\/labestiapolitica.com.mx\/?p=59974","title":{"rendered":"Gobierno justifica nombrar a for\u00e1neo al frente de Casa Tlaxcala en CDMX"},"content":{"rendered":"<blockquote>\n<p class=\"p1\" style=\"text-align: justify;\">Vocero estatal asegura que el origen de Ricardo Peralta no es relevante; su experiencia y contactos son el activo clave para la representaci\u00f3n en la capital, se\u00f1ala<\/p>\n<\/blockquote>\n<p class=\"p1\" style=\"text-align: justify;\"><span class=\"s1\">Mariana LOVERA\/\/ El Gobierno del Estado, a trav\u00e9s de su vocero Antonio Mart\u00ednez Vel\u00e1zquez, asegur\u00f3 que el reci\u00e9n nombrado representante de la Casa Tlaxcala en la Ciudad de M\u00e9xico, Ricardo Peralta Saucedo, no fungir\u00e1 como \u201coperador pol\u00edtico\u201d de cara al proceso electoral de 2027, deslindando el cargo de cualquier connotaci\u00f3n pol\u00edtica hacia alg\u00fan aspirante.<\/span><\/p>\n<p class=\"p1\" style=\"text-align: justify;\"><span class=\"s1\">Ante las preguntas por el pol\u00e9mico nombramiento de una figura externa a la entidad y con un historial p\u00fablico sujeto a se\u00f1alamientos, Mart\u00ednez Vel\u00e1zquez minimiz\u00f3 las cr\u00edticas. Calific\u00f3 las \u201cpol\u00e9micas\u201d en torno a Peralta Saucedo como temas \u201ceminentemente medi\u00e1ticos\u201d y rest\u00f3 importancia al hecho de que el funcionario no sea tlaxcalteca de origen.<\/span><\/p>\n<p class=\"p1\" style=\"text-align: justify;\"><span class=\"s1\">Ante la pregunta \u00bfNo ser\u00e1 un operador pol\u00edtico ahora en estos tiempos electorales, como tambi\u00e9n se ha mencionado? respondi\u00f3: \u201cDescartado\u201d. <\/span><\/p>\n<p class=\"p1\" style=\"text-align: justify;\"><span class=\"s1\">En su defensa del nombramiento, hecho p\u00fablico recientemente, el vocero gubernamental se centr\u00f3 en resaltar la trayectoria y las capacidades de gesti\u00f3n de Peralta Saucedo, present\u00e1ndolo como un facilitador de di\u00e1logos y gestiones.<\/span><\/p>\n<p class=\"p1\" style=\"text-align: justify;\"><span class=\"s1\">\u201cRicardo es un perfil importante\u2026 parte de que Ricardo est\u00e9 en la Casa Tlaxcala tiene que ver con que ayuda mucho un perfil como el de Ricardo por las relaciones, los contactos que tiene, que facilita el di\u00e1logo entre varios actores\u201d, explic\u00f3 Mart\u00ednez Vel\u00e1zquez.<\/span><\/p>\n<p class=\"p1\" style=\"text-align: justify;\"><span class=\"s1\">Destac\u00f3 los cargos previos del funcionario como ex subsecretario de Gobernaci\u00f3n durante la administraci\u00f3n de Elsa Cordero y exadministrador General de Aduanas. Argument\u00f3, y reiter\u00f3<span class=\"Apple-converted-space\">\u00a0 <\/span>que este \u201cperfil pol\u00edtico\u201d y de experiencia en cargos de responsabilidad es lo que facilita que represente al gobierno estatal en la capital del pa\u00eds, ante instancias federales y empresariales.<\/span><\/p>\n<p class=\"p1\" style=\"text-align: justify;\"><span class=\"s1\">\u201cSi tienes a alguien que puede servirte ah\u00ed para ciertos asuntos de inter\u00e9s y de despacho de Tlaxcala\u2026 y que, por su capacidad, pues tambi\u00e9n nos pueda ayudar a que los funcionarios tengan mejor interlocuci\u00f3n con funcionarios federales\u2026 siempre ser\u00e1 bienvenido ese lugar\u201d, a\u00f1adi\u00f3.<\/span><\/p>\n<p class=\"p1\" style=\"text-align: justify;\"><span class=\"s1\">Al ser cuestionado sobre los se\u00f1alamientos que han perseguido a Peralta Saucedo en sus cargos anteriores, el vocero insisti\u00f3 en la narrativa de que se trata de una campa\u00f1a medi\u00e1tica. Asegur\u00f3 que el funcionario aclar\u00f3 en su momento y que no fue inhabilitado ni sancionado por ninguna instancia.<\/span><\/p>\n<p class=\"p1\" style=\"text-align: justify;\"><span class=\"s1\">\u201cFueron se\u00f1alamientos eminentemente medi\u00e1ticos\u201d, reiter\u00f3.<\/span><\/p>\n<p class=\"p1\" style=\"text-align: justify;\"><span class=\"s1\">Mart\u00ednez Vel\u00e1zquez concluy\u00f3 vinculando a Peralta Saucedo con el proyecto de la actual gobernadora, Lorena Cu\u00e9llar Cisneros, afirmando que \u201cha estado cercano a la gobernadora en distintos momentos\u201d y que \u201centiende muy bien el proyecto de transformaci\u00f3n en Tlaxcala\u201d.<\/span><\/p>\n<p class=\"p1\" style=\"text-align: justify;\"><span class=\"s1\">Con esta declaraci\u00f3n, la administraci\u00f3n estatal busca cerrar la pol\u00e9mica y establecer que la funci\u00f3n de la Casa Tlaxcala en CDMX, bajo esta nueva direcci\u00f3n, ser\u00e1 estrictamente de gesti\u00f3n y vinculaci\u00f3n, alejada de cualquier estrategia o manejo pol\u00edtico-electoral.<\/span><\/p>\n","protected":false},"excerpt":{"rendered":"<p>Vocero estatal asegura que el origen de Ricardo Peralta no es relevante; su experiencia y contactos son el activo clave para la representaci\u00f3n en la capital, se\u00f1ala Mariana LOVERA\/\/ El Gobierno del Estado, a trav\u00e9s de su vocero Antonio Mart\u00ednez Vel\u00e1zquez, asegur\u00f3 que el reci\u00e9n nombrado representante de la Casa Tlaxcala en la Ciudad de [&hellip;]<\/p>\n","protected":false},"author":6,"featured_media":59975,"comment_status":"open","ping_status":"open","sticky":false,"template":"","format":"standard","meta":{"footnotes":""},"categories":[3,7],"tags":[],"class_list":["post-59974","post","type-post","status-publish","format-standard","has-post-thumbnail","hentry","category-8-columnas","category-ciudadanos"],"amp_enabled":true,"_links":{"self":[{"href":"https:\/\/labestiapolitica.com.mx\/index.php?rest_route=\/wp\/v2\/posts\/59974","targetHints":{"allow":["GET"]}}],"collection":[{"href":"https:\/\/labestiapolitica.com.mx\/index.php?rest_route=\/wp\/v2\/posts"}],"about":[{"href":"https:\/\/labestiapolitica.com.mx\/index.php?rest_route=\/wp\/v2\/types\/post"}],"author":[{"embeddable":true,"href":"https:\/\/labestiapolitica.com.mx\/index.php?rest_route=\/wp\/v2\/users\/6"}],"replies":[{"embeddable":true,"href":"https:\/\/labestiapolitica.com.mx\/index.php?rest_route=%2Fwp%2Fv2%2Fcomments&post=59974"}],"version-history":[{"count":2,"href":"https:\/\/labestiapolitica.com.mx\/index.php?rest_route=\/wp\/v2\/posts\/59974\/revisions"}],"predecessor-version":[{"id":59977,"href":"https:\/\/labestiapolitica.com.mx\/index.php?rest_route=\/wp\/v2\/posts\/59974\/revisions\/59977"}],"wp:featuredmedia":[{"embeddable":true,"href":"https:\/\/labestiapolitica.com.mx\/index.php?rest_route=\/wp\/v2\/media\/59975"}],"wp:attachment":[{"href":"https:\/\/labestiapolitica.com.mx\/index.php?rest_route=%2Fwp%2Fv2%2Fmedia&parent=59974"}],"wp:term":[{"taxonomy":"category","embeddable":true,"href":"https:\/\/labestiapolitica.com.mx\/index.php?rest_route=%2Fwp%2Fv2%2Fcategories&post=59974"},{"taxonomy":"post_tag","embeddable":true,"href":"https:\/\/labestiapolitica.com.mx\/index.php?rest_route=%2Fwp%2Fv2%2Ftags&post=59974"}],"curies":[{"name":"wp","href":"https:\/\/api.w.org\/{rel}","templated":true}]}}