{"id":60007,"date":"2026-01-29T16:37:20","date_gmt":"2026-01-29T22:37:20","guid":{"rendered":"https:\/\/labestiapolitica.com.mx\/?p=60007"},"modified":"2026-01-29T16:37:27","modified_gmt":"2026-01-29T22:37:27","slug":"juan-luis-barrios-comparte-su-sueno-olimpico-en-tlaxcala","status":"publish","type":"post","link":"https:\/\/labestiapolitica.com.mx\/?p=60007","title":{"rendered":"Juan Luis Barrios comparte su \u00abSue\u00f1o Ol\u00edmpico\u00bb en Tlaxcala"},"content":{"rendered":"<ul>\n<li>Un mensaje de perseverancia para la sociedad<\/li>\n<\/ul>\n<p style=\"text-align: justify;\">Ana S\u00e1nchez \/\/ Bajo la premisa de que \u201ccuando existe el deseo pueden empezar a transformarse las cosas\u201d, el atleta ol\u00edmpico y bicampe\u00f3n panamericano Juan Luis Barrios present\u00f3 este jueves su libro \u201cSue\u00f1o Ol\u00edmpico\u201d en el Auditorio de la Ciudad Deportiva de Tlaxcala, en un evento respaldado por el Gobierno del Estado a trav\u00e9s del IDET.<\/p>\n<p style=\"text-align: justify;\">Ante una audiencia integrada por deportistas, entrenadores, j\u00f3venes y familias, Barrios comparti\u00f3 que el libro naci\u00f3 de la necesidad de contar las an\u00e9cdotas y el proceso detr\u00e1s de su carrera, tras las constantes preguntas de atletas que buscaban su gu\u00eda, \u201cno es un libro t\u00e9cnico; habla de la persona, no del atleta; habla de las situaciones que se vivieron, de lo que se enfrent\u00f3\u201d, explic\u00f3 el fondista, considerado uno de los mejores corredores mexicanos de la historia.<\/p>\n<p style=\"text-align: justify;\">El atleta describi\u00f3 su trayecto como \u201cel sue\u00f1o inducido\u201d de muchas personas: sus padres, su entrenador Tadeusz Kepka, sus amigos y todos aquellos que proyectaron en \u00e9l la aspiraci\u00f3n ol\u00edmpica, \u201ca m\u00ed me toc\u00f3 ser posiblemente el actor en una obra de teatro escrita por muchas otras personas\u201d, reflexion\u00f3, destacando que la obra busca reflejar e inspirar no solo a deportistas, sino a cualquier persona con un objetivo en la vida.<\/p>\n<p style=\"text-align: justify;\">Con pr\u00f3logo del tambi\u00e9n medallista ol\u00edmpico Alejandro C\u00e1rdenas, el libro \u2013escrito en colaboraci\u00f3n con el autor Jorge Cuevas\u2013 se adentra en la mentalidad de un atleta de \u00e9lite: c\u00f3mo se mantiene el enfoque, c\u00f3mo se enfrenta el fracaso y c\u00f3mo se traslada esa resiliencia a la vida cotidiana, la familia y los proyectos personales.<\/p>\n<p style=\"text-align: justify;\">\u201cEs fundamental que cada proyecto personal y cada sue\u00f1o se trabaje a nivel ol\u00edmpico\u201d, expres\u00f3 Barrios, quien particip\u00f3 en los Juegos Ol\u00edmpicos de Beijing 2008 y Londres 2012, y acumula ocho medallas de oro en Juegos Centroamericanos y del Caribe.<\/p>\n<p style=\"text-align: justify;\">El atleta, que a\u00fan compite en la categor\u00eda +40 \u2013gan\u00f3 oro en el Mundial M\u00e1ster 2024\u2013 y ahora entrena a nuevas promesas, comparti\u00f3 \u201cUstedes tienen ese camino, h\u00e1ganlo. No importa si son primerizos o buscan mejorar sus marcas, tiene que nacer con el deseo de ser mejores personas y mejores deportistas\u201d el multimedallista invit\u00f3 a los j\u00f3venes a no mirar atr\u00e1s y a aprovechar cada oportunidad.<\/p>\n<p style=\"text-align: justify;\">La presentaci\u00f3n de \u201cSue\u00f1o Ol\u00edmpico\u201d en Tlaxcala no s\u00f3lo fue un evento deportivo, sino un espacio de reflexi\u00f3n colectiva sobre la perseverancia, el esfuerzo compartido y la lucha constante que define cualquier gran logro, dentro y fuera de la pista.<\/p>\n","protected":false},"excerpt":{"rendered":"<p>Un mensaje de perseverancia para la sociedad Ana S\u00e1nchez \/\/ Bajo la premisa de que \u201ccuando existe el deseo pueden empezar a transformarse las cosas\u201d, el atleta ol\u00edmpico y bicampe\u00f3n panamericano Juan Luis Barrios present\u00f3 este jueves su libro \u201cSue\u00f1o Ol\u00edmpico\u201d en el Auditorio de la Ciudad Deportiva de Tlaxcala, en un evento respaldado por [&hellip;]<\/p>\n","protected":false},"author":3,"featured_media":60008,"comment_status":"open","ping_status":"open","sticky":false,"template":"","format":"standard","meta":{"footnotes":""},"categories":[3,7],"tags":[],"class_list":["post-60007","post","type-post","status-publish","format-standard","has-post-thumbnail","hentry","category-8-columnas","category-ciudadanos"],"amp_enabled":true,"_links":{"self":[{"href":"https:\/\/labestiapolitica.com.mx\/index.php?rest_route=\/wp\/v2\/posts\/60007","targetHints":{"allow":["GET"]}}],"collection":[{"href":"https:\/\/labestiapolitica.com.mx\/index.php?rest_route=\/wp\/v2\/posts"}],"about":[{"href":"https:\/\/labestiapolitica.com.mx\/index.php?rest_route=\/wp\/v2\/types\/post"}],"author":[{"embeddable":true,"href":"https:\/\/labestiapolitica.com.mx\/index.php?rest_route=\/wp\/v2\/users\/3"}],"replies":[{"embeddable":true,"href":"https:\/\/labestiapolitica.com.mx\/index.php?rest_route=%2Fwp%2Fv2%2Fcomments&post=60007"}],"version-history":[{"count":1,"href":"https:\/\/labestiapolitica.com.mx\/index.php?rest_route=\/wp\/v2\/posts\/60007\/revisions"}],"predecessor-version":[{"id":60009,"href":"https:\/\/labestiapolitica.com.mx\/index.php?rest_route=\/wp\/v2\/posts\/60007\/revisions\/60009"}],"wp:featuredmedia":[{"embeddable":true,"href":"https:\/\/labestiapolitica.com.mx\/index.php?rest_route=\/wp\/v2\/media\/60008"}],"wp:attachment":[{"href":"https:\/\/labestiapolitica.com.mx\/index.php?rest_route=%2Fwp%2Fv2%2Fmedia&parent=60007"}],"wp:term":[{"taxonomy":"category","embeddable":true,"href":"https:\/\/labestiapolitica.com.mx\/index.php?rest_route=%2Fwp%2Fv2%2Fcategories&post=60007"},{"taxonomy":"post_tag","embeddable":true,"href":"https:\/\/labestiapolitica.com.mx\/index.php?rest_route=%2Fwp%2Fv2%2Ftags&post=60007"}],"curies":[{"name":"wp","href":"https:\/\/api.w.org\/{rel}","templated":true}]}}