{"id":60024,"date":"2026-01-30T07:00:54","date_gmt":"2026-01-30T13:00:54","guid":{"rendered":"https:\/\/labestiapolitica.com.mx\/?p=60024"},"modified":"2026-01-29T17:26:54","modified_gmt":"2026-01-29T23:26:54","slug":"gobierno-estatal-reconoce-fallas-logisticas-en-jornada-cumpliendo-al-pueblo-en-chiautempan-y-anuncia-revision-de-protocolos","status":"publish","type":"post","link":"https:\/\/labestiapolitica.com.mx\/?p=60024","title":{"rendered":"Gobierno estatal reconoce fallas log\u00edsticas en jornada \u201cCumpliendo al Pueblo\u201d en Chiautempan y anuncia revisi\u00f3n de protocolos"},"content":{"rendered":"<p style=\"text-align: justify;\">Mariana LOVERA\/\/ La jornada \u201cCumpliendo al Pueblo\u201d en Chiautempan evidenci\u00f3 una serie de deficiencias log\u00edsticas que encendieron alertas en materia de seguridad y protecci\u00f3n civil. Durante el desarrollo de este evento, se registraron condiciones que derivaron en aglomeraciones, accesos limitados y ausencia de rutas claras de evacuaci\u00f3n, situaci\u00f3n que gener\u00f3 momentos de desorden.<\/p>\n<p style=\"text-align: justify;\">De acuerdo con lo observado por medios de comunicaci\u00f3n asistentes, el encuentro se realiz\u00f3 en un sal\u00f3n social con exceso de sillas, un solo acceso habilitado, puertas parcialmente cerradas y sin salidas de emergencia visibles, lo que provoc\u00f3 un embudo humano a la salida. La falta de pasillos suficientes entre las filas tambi\u00e9n habr\u00eda complicado el desplazamiento de personas ante cualquier eventualidad m\u00e9dica o de emergencia.<\/p>\n<p style=\"text-align: justify;\">La situaci\u00f3n abri\u00f3 cuestionamientos sobre los protocolos de protecci\u00f3n civil y salubridad, particularmente en un contexto donde el estado enfrenta un brote de sarampi\u00f3n. Aunque se entregaron cubrebocas, su uso no fue generalizado entre asistentes ni representantes de medios, y se registraron concentraciones de personas sin la distancia recomendada.<\/p>\n<p style=\"text-align: justify;\">Ante estos se\u00f1alamientos, el vocero del Gobierno del Estado, Antonio Mart\u00ednez Vel\u00e1zquez, reconoci\u00f3 que en el evento de Chiautempan se detectaron \u00e1reas de oportunidad que ya est\u00e1n siendo atendidas. En entrevista, se\u00f1al\u00f3 que la log\u00edstica del evento cont\u00f3 con el apoyo del municipio y que, tras lo ocurrido, se instruy\u00f3 al equipo organizador a reforzar la revisi\u00f3n de medidas de protecci\u00f3n civil, tanto a nivel municipal como estatal.<\/p>\n<p style=\"text-align: justify;\">\u201cEl caso de Chiautempan ya fue revisado y se ha pedido al equipo de log\u00edstica de la gobernadora y a la coordinaci\u00f3n correspondiente que se verifique doble y triplemente que se cumpla toda la normatividad, especialmente en espacios cerrados\u201d, explic\u00f3. Precis\u00f3 que, por norma, se prioriza la realizaci\u00f3n de eventos en espacios abiertos y ventilados, pero reconoci\u00f3 que en este caso se trat\u00f3 de un sal\u00f3n privado que no necesariamente cumple con todos los est\u00e1ndares exigidos a auditorios p\u00fablicos.<\/p>\n<p style=\"text-align: justify;\">Mart\u00ednez Vel\u00e1zquez subray\u00f3 que, si bien el evento se desarroll\u00f3 sin incidentes mayores y fue considerado exitoso en t\u00e9rminos de atenci\u00f3n ciudadana, la seguridad de las y los asistentes es una prioridad. A\u00f1adi\u00f3 que se trabaja para que las entradas, salidas y \u00e1reas de servicios est\u00e9n claramente se\u00f1alizadas y permitan un flujo ordenado de personas.<\/p>\n<p style=\"text-align: justify;\">En materia de salubridad, el vocero aprovech\u00f3 para reiterar el llamado a la poblaci\u00f3n a mantener vigentes sus esquemas de vacunaci\u00f3n, especialmente ante el brote de sarampi\u00f3n registrado en el estado. Inform\u00f3 que recientemente arribaron seis mil dosis y que continuar\u00e1 el suministro para garantizar refuerzos, incluso a personas previamente vacunadas. Detall\u00f3 que, adem\u00e1s, en los eventos gubernamentales se est\u00e1n aplicando vacunas contra COVID-19, influenza y neumococo.<\/p>\n<p style=\"text-align: justify;\">Asimismo, record\u00f3 que el Consejo Estatal de Salud mantiene la recomendaci\u00f3n del uso de cubrebocas, al confirmarse cinco casos de sarampi\u00f3n en Tlaxcala, e insisti\u00f3 en que seguir estas indicaciones es clave para proteger tanto a nivel individual como colectivo.<\/p>\n<p style=\"text-align: justify;\">Finalmente, en relaci\u00f3n con la din\u00e1mica entre autoridades y medios de comunicaci\u00f3n, Mart\u00ednez Vel\u00e1zquez indic\u00f3 que se han girado instrucciones para mejorar la organizaci\u00f3n de los espacios destinados a la prensa y ordenar las entrevistas en eventos masivos, con el fin de evitar aglomeraciones y garantizar condiciones seguras para todos los asistentes.<\/p>\n","protected":false},"excerpt":{"rendered":"<p>Mariana LOVERA\/\/ La jornada \u201cCumpliendo al Pueblo\u201d en Chiautempan evidenci\u00f3 una serie de deficiencias log\u00edsticas que encendieron alertas en materia de seguridad y protecci\u00f3n civil. Durante el desarrollo de este evento, se registraron condiciones que derivaron en aglomeraciones, accesos limitados y ausencia de rutas claras de evacuaci\u00f3n, situaci\u00f3n que gener\u00f3 momentos de desorden. De acuerdo [&hellip;]<\/p>\n","protected":false},"author":6,"featured_media":60034,"comment_status":"open","ping_status":"open","sticky":false,"template":"","format":"standard","meta":{"footnotes":""},"categories":[3,7],"tags":[],"class_list":["post-60024","post","type-post","status-publish","format-standard","has-post-thumbnail","hentry","category-8-columnas","category-ciudadanos"],"amp_enabled":true,"_links":{"self":[{"href":"https:\/\/labestiapolitica.com.mx\/index.php?rest_route=\/wp\/v2\/posts\/60024","targetHints":{"allow":["GET"]}}],"collection":[{"href":"https:\/\/labestiapolitica.com.mx\/index.php?rest_route=\/wp\/v2\/posts"}],"about":[{"href":"https:\/\/labestiapolitica.com.mx\/index.php?rest_route=\/wp\/v2\/types\/post"}],"author":[{"embeddable":true,"href":"https:\/\/labestiapolitica.com.mx\/index.php?rest_route=\/wp\/v2\/users\/6"}],"replies":[{"embeddable":true,"href":"https:\/\/labestiapolitica.com.mx\/index.php?rest_route=%2Fwp%2Fv2%2Fcomments&post=60024"}],"version-history":[{"count":2,"href":"https:\/\/labestiapolitica.com.mx\/index.php?rest_route=\/wp\/v2\/posts\/60024\/revisions"}],"predecessor-version":[{"id":60037,"href":"https:\/\/labestiapolitica.com.mx\/index.php?rest_route=\/wp\/v2\/posts\/60024\/revisions\/60037"}],"wp:featuredmedia":[{"embeddable":true,"href":"https:\/\/labestiapolitica.com.mx\/index.php?rest_route=\/wp\/v2\/media\/60034"}],"wp:attachment":[{"href":"https:\/\/labestiapolitica.com.mx\/index.php?rest_route=%2Fwp%2Fv2%2Fmedia&parent=60024"}],"wp:term":[{"taxonomy":"category","embeddable":true,"href":"https:\/\/labestiapolitica.com.mx\/index.php?rest_route=%2Fwp%2Fv2%2Fcategories&post=60024"},{"taxonomy":"post_tag","embeddable":true,"href":"https:\/\/labestiapolitica.com.mx\/index.php?rest_route=%2Fwp%2Fv2%2Ftags&post=60024"}],"curies":[{"name":"wp","href":"https:\/\/api.w.org\/{rel}","templated":true}]}}