{"id":60056,"date":"2026-01-29T18:39:58","date_gmt":"2026-01-30T00:39:58","guid":{"rendered":"https:\/\/labestiapolitica.com.mx\/?p=60056"},"modified":"2026-01-29T18:39:58","modified_gmt":"2026-01-30T00:39:58","slug":"8-casos-de-sarampion-en-tlaxcala-sesa","status":"publish","type":"post","link":"https:\/\/labestiapolitica.com.mx\/?p=60056","title":{"rendered":"8 casos de sarampi\u00f3n en Tlaxcala: SESA"},"content":{"rendered":"<ul>\n<li style=\"text-align: justify;\">Se han implementado cercos sanitarios para completar los esquemas de vacunaci\u00f3n en la poblaci\u00f3n cercana a todos los casos identificados<\/li>\n<\/ul>\n<p style=\"text-align: justify;\">El secretario de Salud, Rigoberto Zamudio Meneses, informo que, al 29 de enero de 2026, se reporta un acumulado de ocho casos positivos de sarampi\u00f3n en la entidad, que corresponden a seis personas mayores de 18 a\u00f1os y dos menores de edad.<\/p>\n<p style=\"text-align: justify;\">El titular de la Secretar\u00eda de Salud (Sesa) invit\u00f3 a la poblaci\u00f3n a mantener el lavado constante de manos, el uso de cubrebocas, y exhort\u00f3 a los padres de familia o tutores a que lleven a vacunar a sus hijos, como parte de las acciones para prevenir contagios.<\/p>\n<p style=\"text-align: justify;\">Tambi\u00e9n, llam\u00f3 a la poblaci\u00f3n a revisar sus cartillas de vacunaci\u00f3n, en caso de que les falten dosis por aplicar, y que acudan a los macrocentros de vacunaci\u00f3n o a los Centro de Salud de la entidad para recibirlas.<\/p>\n<p style=\"text-align: justify;\">Zamudio Meneses indic\u00f3 que se registraron recientemente tres nuevos casos; dos, en el municipio de San Pablo del Monte, que corresponden a una beb\u00e9 de 11 meses y a un hombre de 40 a\u00f1os; y uno m\u00e1s en el municipio de Tlaxcala, en un masculino de 28 a\u00f1os.<\/p>\n<p style=\"text-align: justify;\">El primer caso de sarampi\u00f3n confirmado en la entidad se identific\u00f3 el 14 de enero pasado en un var\u00f3n de 31 a\u00f1os, y el segundo, el 17 de enero, en una ni\u00f1a de seis a\u00f1os, ambos en la comunidad de Matlalohcan, municipio de Tetla de la Solidaridad.<\/p>\n<p style=\"text-align: justify;\">El jueves 22 de enero se report\u00f3 un supuesto caso de sarampi\u00f3n en una beb\u00e9 de seis meses, del municipio de Huamantla; sin embargo, tras el resultado de la genotipificaci\u00f3n que realiz\u00f3 el Instituto de Diagn\u00f3stico y Referencia Epidemiol\u00f3gicos (InDRE), se reclasific\u00f3 como un Evento Supuestamente Atribuible a Vacunaci\u00f3n o Inmunizaci\u00f3n (ESAVI), por tratarse de una reacci\u00f3n a virus posvacuna, ya que no ten\u00eda todo el cuadro cl\u00ednico relacionado a sarampi\u00f3n.<\/p>\n<p style=\"text-align: justify;\">Posteriormente, el 24 de enero, se identificaron dos casos en el municipio de San Pablo del Monte, que corresponden a una mujer y a un hombre de 23 a\u00f1os, mientras que el 26 de enero, se detect\u00f3 otro caso positivo en Tenancingo, en un masculino de 34 a\u00f1os.<\/p>\n<p style=\"text-align: justify;\">Por lo anterior, se registra un acumulado de ocho casos positivos de sarampi\u00f3n en el estado.<\/p>\n<p style=\"text-align: justify;\">El secretario de Salud public\u00f3 en su cuenta de \u00abX\u00bb los informes del comportamiento de la enfermedad en Tlaxcala, donde dio a conocer los tres casos positivos identificados recientemente.<\/p>\n<p>Precis\u00f3 que se han implementado cercos sanitarios para completar los esquemas de vacunaci\u00f3n en la poblaci\u00f3n cercana a todos los casos identificados.<\/p>\n","protected":false},"excerpt":{"rendered":"<p>Se han implementado cercos sanitarios para completar los esquemas de vacunaci\u00f3n en la poblaci\u00f3n cercana a todos los casos identificados El secretario de Salud, Rigoberto Zamudio Meneses, informo que, al 29 de enero de 2026, se reporta un acumulado de ocho casos positivos de sarampi\u00f3n en la entidad, que corresponden a seis personas mayores de [&hellip;]<\/p>\n","protected":false},"author":3,"featured_media":60057,"comment_status":"open","ping_status":"open","sticky":false,"template":"","format":"standard","meta":{"footnotes":""},"categories":[3,7],"tags":[],"class_list":["post-60056","post","type-post","status-publish","format-standard","has-post-thumbnail","hentry","category-8-columnas","category-ciudadanos"],"amp_enabled":true,"_links":{"self":[{"href":"https:\/\/labestiapolitica.com.mx\/index.php?rest_route=\/wp\/v2\/posts\/60056","targetHints":{"allow":["GET"]}}],"collection":[{"href":"https:\/\/labestiapolitica.com.mx\/index.php?rest_route=\/wp\/v2\/posts"}],"about":[{"href":"https:\/\/labestiapolitica.com.mx\/index.php?rest_route=\/wp\/v2\/types\/post"}],"author":[{"embeddable":true,"href":"https:\/\/labestiapolitica.com.mx\/index.php?rest_route=\/wp\/v2\/users\/3"}],"replies":[{"embeddable":true,"href":"https:\/\/labestiapolitica.com.mx\/index.php?rest_route=%2Fwp%2Fv2%2Fcomments&post=60056"}],"version-history":[{"count":1,"href":"https:\/\/labestiapolitica.com.mx\/index.php?rest_route=\/wp\/v2\/posts\/60056\/revisions"}],"predecessor-version":[{"id":60058,"href":"https:\/\/labestiapolitica.com.mx\/index.php?rest_route=\/wp\/v2\/posts\/60056\/revisions\/60058"}],"wp:featuredmedia":[{"embeddable":true,"href":"https:\/\/labestiapolitica.com.mx\/index.php?rest_route=\/wp\/v2\/media\/60057"}],"wp:attachment":[{"href":"https:\/\/labestiapolitica.com.mx\/index.php?rest_route=%2Fwp%2Fv2%2Fmedia&parent=60056"}],"wp:term":[{"taxonomy":"category","embeddable":true,"href":"https:\/\/labestiapolitica.com.mx\/index.php?rest_route=%2Fwp%2Fv2%2Fcategories&post=60056"},{"taxonomy":"post_tag","embeddable":true,"href":"https:\/\/labestiapolitica.com.mx\/index.php?rest_route=%2Fwp%2Fv2%2Ftags&post=60056"}],"curies":[{"name":"wp","href":"https:\/\/api.w.org\/{rel}","templated":true}]}}