{"id":60059,"date":"2026-01-29T19:21:09","date_gmt":"2026-01-30T01:21:09","guid":{"rendered":"https:\/\/labestiapolitica.com.mx\/?p=60059"},"modified":"2026-01-29T19:21:09","modified_gmt":"2026-01-30T01:21:09","slug":"ni-la-iglesia-se-salva-de-la-delincuencia-feligreses-son-asaltados-en-capilla-de-apizaco","status":"publish","type":"post","link":"https:\/\/labestiapolitica.com.mx\/?p=60059","title":{"rendered":"Ni la iglesia se salva de la delincuencia, feligreses son asaltados en capilla de Apizaco."},"content":{"rendered":"<p style=\"text-align: justify;\">Ana S\u00e1nchez\u00a0 | Un grupo de al menos cuatro individuos asalt\u00f3 con violencia la capilla de adoraci\u00f3n perpetua ubicada en la calle 16 de Septiembre, en pleno centro de Apizaco, frente a la presidencia municipal, despojando de sus pertenencias a feligreses que se encontraban en oraci\u00f3n durante la madrugada de este jueves.<\/p>\n<p style=\"text-align: justify;\">De acuerdo con el enlace interinstitucional de la Di\u00f3cesis de Tlaxcala, Ranulfo Rojas Bret\u00f3n, los hechos ocurrieron entre la 1:30 y las 4:00 horas, los asaltantes intentaron primero llevarse la alcanc\u00eda de limosnas, pero al no poder abrirla, se dirigieron directamente a las personas que estaban en el interior, rob\u00e1ndoles sus pertenencias personales, incluyendo celulares y dinero en efectivo.<\/p>\n<p style=\"text-align: justify;\">\u00abFue un robo a las personas que estuvieron ah\u00ed presentes\u00bb, afirm\u00f3 Rojas Bret\u00f3n, quien se\u00f1al\u00f3 que, aunque no hubo da\u00f1os a objetos sagrados, ya se interpuso la denuncia correspondiente por robo y da\u00f1os, aunque a\u00fan no se tiene un estimado del monto total hurtado.<\/p>\n<p style=\"text-align: justify;\">El sacerdote destac\u00f3 la vulnerabilidad de estos recintos, ya que la capilla, al igual que otras tres en la di\u00f3cesis, permanece abierta las 24 horas del d\u00eda, en cumplimiento con el llamado de los papas Juan Pablo II y Francisco de contar con espacios de acogida espiritual permanente, \u00ablamentablemente, el clima de inseguridad ha afectado\u00bb, expres\u00f3.<\/p>\n<p style=\"text-align: justify;\">Hizo un llamado directo a las autoridades para que fortalezcan la vigilancia en los alrededores de estos sitios, especialmente en horarios nocturnos, \u00abpedirles a las autoridades que nos apoyen en estos espacios, porque a todas horas siempre hay personas haciendo oraci\u00f3n\u00bb, subray\u00f3.<\/p>\n<p style=\"text-align: justify;\">El hecho ha generado indignaci\u00f3n y temor entre la comunidad, al tratarse de un espacio destinado al recogimiento y ubicado en una zona c\u00e9ntrica y supuestamente vigilada, hasta el momento, las autoridades municipales y estatales no han emitido un posicionamiento oficial ni informado sobre detenciones relacionadas con el asalto.<\/p>\n<p style=\"text-align: justify;\">La Di\u00f3cesis confirm\u00f3 que las capillas de adoraci\u00f3n perpetua mantendr\u00e1n sus horarios de 24 horas, aunque se reforzar\u00e1 la coordinaci\u00f3n con las corporaciones policiales para prevenir nuevos incidentes, el hecho refleja un patr\u00f3n de inseguridad que ya alcanza espacios tradicionalmente considerados como refugios de paz.<\/p>\n","protected":false},"excerpt":{"rendered":"<p>Ana S\u00e1nchez\u00a0 | Un grupo de al menos cuatro individuos asalt\u00f3 con violencia la capilla de adoraci\u00f3n perpetua ubicada en la calle 16 de Septiembre, en pleno centro de Apizaco, frente a la presidencia municipal, despojando de sus pertenencias a feligreses que se encontraban en oraci\u00f3n durante la madrugada de este jueves. De acuerdo con [&hellip;]<\/p>\n","protected":false},"author":5,"featured_media":60060,"comment_status":"open","ping_status":"open","sticky":false,"template":"","format":"standard","meta":{"footnotes":""},"categories":[12],"tags":[],"class_list":["post-60059","post","type-post","status-publish","format-standard","has-post-thumbnail","hentry","category-brujula-2026"],"amp_enabled":true,"_links":{"self":[{"href":"https:\/\/labestiapolitica.com.mx\/index.php?rest_route=\/wp\/v2\/posts\/60059","targetHints":{"allow":["GET"]}}],"collection":[{"href":"https:\/\/labestiapolitica.com.mx\/index.php?rest_route=\/wp\/v2\/posts"}],"about":[{"href":"https:\/\/labestiapolitica.com.mx\/index.php?rest_route=\/wp\/v2\/types\/post"}],"author":[{"embeddable":true,"href":"https:\/\/labestiapolitica.com.mx\/index.php?rest_route=\/wp\/v2\/users\/5"}],"replies":[{"embeddable":true,"href":"https:\/\/labestiapolitica.com.mx\/index.php?rest_route=%2Fwp%2Fv2%2Fcomments&post=60059"}],"version-history":[{"count":1,"href":"https:\/\/labestiapolitica.com.mx\/index.php?rest_route=\/wp\/v2\/posts\/60059\/revisions"}],"predecessor-version":[{"id":60061,"href":"https:\/\/labestiapolitica.com.mx\/index.php?rest_route=\/wp\/v2\/posts\/60059\/revisions\/60061"}],"wp:featuredmedia":[{"embeddable":true,"href":"https:\/\/labestiapolitica.com.mx\/index.php?rest_route=\/wp\/v2\/media\/60060"}],"wp:attachment":[{"href":"https:\/\/labestiapolitica.com.mx\/index.php?rest_route=%2Fwp%2Fv2%2Fmedia&parent=60059"}],"wp:term":[{"taxonomy":"category","embeddable":true,"href":"https:\/\/labestiapolitica.com.mx\/index.php?rest_route=%2Fwp%2Fv2%2Fcategories&post=60059"},{"taxonomy":"post_tag","embeddable":true,"href":"https:\/\/labestiapolitica.com.mx\/index.php?rest_route=%2Fwp%2Fv2%2Ftags&post=60059"}],"curies":[{"name":"wp","href":"https:\/\/api.w.org\/{rel}","templated":true}]}}