{"id":60079,"date":"2026-01-30T06:23:51","date_gmt":"2026-01-30T12:23:51","guid":{"rendered":"https:\/\/labestiapolitica.com.mx\/?p=60079"},"modified":"2026-01-30T07:39:36","modified_gmt":"2026-01-30T13:39:36","slug":"idoneidad-o-lealtad-el-cuestionado-criterio-detras-de-los-nombramientos-en-tlaxcala","status":"publish","type":"post","link":"https:\/\/labestiapolitica.com.mx\/?p=60079","title":{"rendered":"\u00bfIdoneidad o lealtad? El cuestionado criterio detr\u00e1s de los nombramientos en Tlaxcala."},"content":{"rendered":"<p class=\"p1\" style=\"text-align: justify;\">La gobernadora Lorena Cu\u00e9llar Cisneros enfrenta otra crisis de credibilidad de peso, no por una acci\u00f3n de oposici\u00f3n, sino por decisiones propias que han encendido las alertas de la sociedad civil y sembrado dudas profundas sobre los criterios que rigen su administraci\u00f3n. Los pol\u00e9micos nombramientos de M\u00f3nica Jim\u00e9nez Guti\u00e9rrez en la Comisi\u00f3n de Atenci\u00f3n a V\u00edctimas y de Ricardo Peralta Saucedo en Casa Tlaxcala en CDMX son s\u00edntomas de una l\u00f3gica pol\u00edtica que privilegia la lealtad o el c\u00e1lculo por encima de la idoneidad y la \u00e9tica p\u00fablica.<\/p>\n<p class=\"p1\" style=\"text-align: justify;\"><span class=\"s1\">El caso de Jim\u00e9nez Guti\u00e9rrez es particularmente grave y refleja una sensibilidad aterradora hacia el dolor ajeno. Designar a una persona se\u00f1alada p\u00fablicamente por presuntos actos de corrupci\u00f3n y extorsi\u00f3n al frente de un organismo que debe ser el santuario de la confianza para v\u00edctimas de violaciones graves a derechos humanos es, como m\u00ednimo, una burla. La preocupaci\u00f3n de los colectivos, que el vocero reconoce como \u00ableg\u00edtima\u00bb, es en realidad un grito de indignaci\u00f3n justificado. Pedirles a las v\u00edctimas que \u00abdialoguen\u00bb y \u00abvean el trabajo\u00bb de la funcionaria es invertir grotescamente la carga de la prueba. No son las v\u00edctimas quienes deben demostrar la idoneidad de su supuesta protectora; es el gobierno quien debi\u00f3 haber garantizado, desde el origen, un perfil intachable, sin sombras que contaminen la ya de por s\u00ed fr\u00e1gil b\u00fasqueda de justicia. Aqu\u00ed, la empat\u00eda de la que habla el vocero suena hueca. La empat\u00eda genuina se hubiese demostrado eligiendo a alguien cuya sola presencia infundiera confianza, no escepticismo.<\/span><\/p>\n<p class=\"p1\" style=\"text-align: justify;\"><span class=\"s1\">En paralelo, el nombramiento de Ricardo Peralta Saucedo huele a cl\u00e1sico quid pro quo pol\u00edtico. La defensa del vocero es el manual del justificante d\u00e9bil: se deslinda apresuradamente de un papel electoral (\u00abDescartado\u00bb), se descalifican las cr\u00edticas como \u00abeminentemente medi\u00e1ticas\u00bb \u2013un recurso para evadir el fondo\u2013 y se ensalza un \u00abperfil\u00bb de contactos y experiencia. Precisamente esa experiencia en pasillos federales es lo que alimenta la sospecha de que su verdadera funci\u00f3n ser\u00e1 la de un operador pol\u00edtico, un enlace para gestionar no s\u00f3lo proyectos, sino influencias y apoyos de cara al futuro electoral de 2027. Decir que \u00abha estado cercano a la gobernadora\u00bb y que \u00abentiende el proyecto\u00bb suena m\u00e1s a la descripci\u00f3n de un aliado pol\u00edtico que a los m\u00e9ritos de un t\u00e9cnico en vinculaci\u00f3n.<\/span><\/p>\n<p class=\"p1\" style=\"text-align: justify;\"><span class=\"s1\">El patr\u00f3n es claro: ante se\u00f1alamientos serios, la administraci\u00f3n responde con un guion que minimiza, descontextualiza y pide \u00abtiempo\u00bb o \u00abdi\u00e1logo\u00bb, en lugar de ofrecer transparencia y rendici\u00f3n de cuentas proactiva. Se invoca la \u00abtransformaci\u00f3n\u00bb mientras se recurre a pr\u00e1cticas a\u00f1ejas: la colocaci\u00f3n de figuras pol\u00e9micas en puestos claves, ya sea para saldar deudas o para asegurar operaci\u00f3n pol\u00edtica.<\/span><\/p>\n<p class=\"p1\" style=\"text-align: justify;\"><span class=\"s1\">La gobernadora Cu\u00e9llar tiene una deuda con los tlaxcaltecas. No basta con que su vocero pida paciencia a las v\u00edctimas o desmienta operaciones pol\u00edticas. La legitimidad de su proyecto de \u00abtransformaci\u00f3n\u00bb se est\u00e1 resquebrajando con estas decisiones. Debe explicar, ella directamente, qu\u00e9 pes\u00f3 m\u00e1s en estos nombramientos: \u00bfel inter\u00e9s p\u00fablico o las cuentas pendientes? Hasta que no lo haga, la sombra del pago de favores y la politizaci\u00f3n de instancias sensibles seguir\u00e1 creciendo, erosionando lo m\u00e1s valioso que tiene un gobierno: la confianza de la gente a la que jur\u00f3 servir. Tlaxcala merece m\u00e1s que sombras y justificaciones medi\u00e1ticas. Merece claridad y rectitud, se lo digo as\u00ed, sin maquillaje ni retoques. <\/span><\/p>\n","protected":false},"excerpt":{"rendered":"<p>La gobernadora Lorena Cu\u00e9llar Cisneros enfrenta otra crisis de credibilidad de peso, no por una acci\u00f3n de oposici\u00f3n, sino por decisiones propias que han encendido las alertas de la sociedad civil y sembrado dudas profundas sobre los criterios que rigen su administraci\u00f3n. Los pol\u00e9micos nombramientos de M\u00f3nica Jim\u00e9nez Guti\u00e9rrez en la Comisi\u00f3n de Atenci\u00f3n a [&hellip;]<\/p>\n","protected":false},"author":6,"featured_media":60081,"comment_status":"open","ping_status":"open","sticky":false,"template":"","format":"standard","meta":{"footnotes":""},"categories":[3,6],"tags":[],"class_list":["post-60079","post","type-post","status-publish","format-standard","has-post-thumbnail","hentry","category-8-columnas","category-opinion"],"amp_enabled":true,"_links":{"self":[{"href":"https:\/\/labestiapolitica.com.mx\/index.php?rest_route=\/wp\/v2\/posts\/60079","targetHints":{"allow":["GET"]}}],"collection":[{"href":"https:\/\/labestiapolitica.com.mx\/index.php?rest_route=\/wp\/v2\/posts"}],"about":[{"href":"https:\/\/labestiapolitica.com.mx\/index.php?rest_route=\/wp\/v2\/types\/post"}],"author":[{"embeddable":true,"href":"https:\/\/labestiapolitica.com.mx\/index.php?rest_route=\/wp\/v2\/users\/6"}],"replies":[{"embeddable":true,"href":"https:\/\/labestiapolitica.com.mx\/index.php?rest_route=%2Fwp%2Fv2%2Fcomments&post=60079"}],"version-history":[{"count":2,"href":"https:\/\/labestiapolitica.com.mx\/index.php?rest_route=\/wp\/v2\/posts\/60079\/revisions"}],"predecessor-version":[{"id":60084,"href":"https:\/\/labestiapolitica.com.mx\/index.php?rest_route=\/wp\/v2\/posts\/60079\/revisions\/60084"}],"wp:featuredmedia":[{"embeddable":true,"href":"https:\/\/labestiapolitica.com.mx\/index.php?rest_route=\/wp\/v2\/media\/60081"}],"wp:attachment":[{"href":"https:\/\/labestiapolitica.com.mx\/index.php?rest_route=%2Fwp%2Fv2%2Fmedia&parent=60079"}],"wp:term":[{"taxonomy":"category","embeddable":true,"href":"https:\/\/labestiapolitica.com.mx\/index.php?rest_route=%2Fwp%2Fv2%2Fcategories&post=60079"},{"taxonomy":"post_tag","embeddable":true,"href":"https:\/\/labestiapolitica.com.mx\/index.php?rest_route=%2Fwp%2Fv2%2Ftags&post=60079"}],"curies":[{"name":"wp","href":"https:\/\/api.w.org\/{rel}","templated":true}]}}